{"id":11868,"date":"2019-04-17T13:13:30","date_gmt":"2019-04-17T16:13:30","guid":{"rendered":"http:\/\/www.ifbaiano.edu.br\/unidades\/santaines\/?p=11868"},"modified":"2019-04-17T13:18:30","modified_gmt":"2019-04-17T16:18:30","slug":"comissao-comunica-suspensao-de-atividades-do-nesta-quinta-feira-18-04","status":"publish","type":"post","link":"https:\/\/www.ifbaiano.edu.br\/unidades\/santaines\/comissao-comunica-suspensao-de-atividades-do-nesta-quinta-feira-18-04\/","title":{"rendered":"Comiss\u00e3o comunica suspens\u00e3o de atividades do  nesta quinta-feira, 18\/04"},"content":{"rendered":"\n<figure class=\"wp-block-image\"><img decoding=\"async\" loading=\"lazy\" width=\"1000\" height=\"712\" src=\"http:\/\/www.ifbaiano.edu.br\/unidades\/santaines\/files\/2019\/04\/imagem-prosel20192-1.jpg\" alt=\"\" class=\"wp-image-11870\" \/><\/figure>\n\n\n\n<p><strong>A Comiss\u00e3o Local de Processo Seletivo de Ingresso de Estudantes, no uso de suas atribui\u00e7\u00f5es legais, delegadas pela Portaria n\u00ba 037, de 01 de abril de 2019, do Instituto Federal de Educa\u00e7\u00e3o, Ci\u00eancia e Tecnologia Baiano, Campus Santa In\u00eas, informar que N\u00c3O haver\u00e1 atendimento relativo ao Processo Seletivo para ingresso de estudantes 2019.2 no dia 18\/04\/2019 (quinta-feira), em virtude de n\u00e3o haver expediente no Campus, conforme Of\u00edcio n\u00ba 016\/2019\/CSI-GAB\/IF BAIANO, datado de 10 de abril de 2019.<\/strong><\/p>\n\n\n\n<p><\/p>\n","protected":false},"excerpt":{"rendered":"<p>Comiss\u00e3o delegadas pela Portaria n\u00ba 037, de 01 de abril de 2019.<\/p>\n","protected":false},"author":86,"featured_media":0,"comment_status":"closed","ping_status":"closed","sticky":false,"template":"","format":"standard","meta":[],"categories":[4,10,1,57],"tags":[],"_links":{"self":[{"href":"https:\/\/www.ifbaiano.edu.br\/unidades\/santaines\/wp-json\/wp\/v2\/posts\/11868"}],"collection":[{"href":"https:\/\/www.ifbaiano.edu.br\/unidades\/santaines\/wp-json\/wp\/v2\/posts"}],"about":[{"href":"https:\/\/www.ifbaiano.edu.br\/unidades\/santaines\/wp-json\/wp\/v2\/types\/post"}],"author":[{"embeddable":true,"href":"https:\/\/www.ifbaiano.edu.br\/unidades\/santaines\/wp-json\/wp\/v2\/users\/86"}],"replies":[{"embeddable":true,"href":"https:\/\/www.ifbaiano.edu.br\/unidades\/santaines\/wp-json\/wp\/v2\/comments?post=11868"}],"version-history":[{"count":4,"href":"https:\/\/www.ifbaiano.edu.br\/unidades\/santaines\/wp-json\/wp\/v2\/posts\/11868\/revisions"}],"predecessor-version":[{"id":11873,"href":"https:\/\/www.ifbaiano.edu.br\/unidades\/santaines\/wp-json\/wp\/v2\/posts\/11868\/revisions\/11873"}],"wp:attachment":[{"href":"https:\/\/www.ifbaiano.edu.br\/unidades\/santaines\/wp-json\/wp\/v2\/media?parent=11868"}],"wp:term":[{"taxonomy":"category","embeddable":true,"href":"https:\/\/www.ifbaiano.edu.br\/unidades\/santaines\/wp-json\/wp\/v2\/categories?post=11868"},{"taxonomy":"post_tag","embeddable":true,"href":"https:\/\/www.ifbaiano.edu.br\/unidades\/santaines\/wp-json\/wp\/v2\/tags?post=11868"}],"curies":[{"name":"wp","href":"https:\/\/api.w.org\/{rel}","templated":true}]}}