{"id":11875,"date":"2019-04-22T12:07:53","date_gmt":"2019-04-22T15:07:53","guid":{"rendered":"http:\/\/www.ifbaiano.edu.br\/unidades\/santaines\/?p=11875"},"modified":"2019-04-25T11:45:17","modified_gmt":"2019-04-25T14:45:17","slug":"comissao-de-permanencia-e-exito-dos-cursos-de-graduacao-promove-mesa-redonda-no-campus-santa-ines","status":"publish","type":"post","link":"https:\/\/www.ifbaiano.edu.br\/unidades\/santaines\/comissao-de-permanencia-e-exito-dos-cursos-de-graduacao-promove-mesa-redonda-no-campus-santa-ines\/","title":{"rendered":"Comiss\u00e3o de Perman\u00eancia e \u00caxito dos cursos de Gradua\u00e7\u00e3o promove &#8220;Mesa Redonda&#8221; no Campus Santa In\u00eas"},"content":{"rendered":"\n<figure class=\"wp-block-image\"><img decoding=\"async\" loading=\"lazy\" width=\"855\" height=\"855\" src=\"http:\/\/www.ifbaiano.edu.br\/unidades\/santaines\/files\/2019\/04\/BRUMADINHO-MARIANA-CARD.png\" alt=\"\" class=\"wp-image-11878\" \/><\/figure>\n\n\n\n<p>No dia 25 de abril, \u00e0s 15h no Audit\u00f3rio do Campus Santa In\u00eas, a Comiss\u00e3o de Perman\u00eancia e \u00caxito dos cursos de Gradua\u00e7\u00e3o, formada pelos coordenadores e assessoria pedag\u00f3gica dos cursos superiores do Campus, realizar\u00e1 a mesa redonda, \u201cO modelo de minera\u00e7\u00e3o e a trag\u00e9dia nas barragens de Mariana e Brumadinho\u201d.<\/p>\n\n\n\n<p>A Comiss\u00e3o de Perman\u00eancia e \u00caxito dos cursos de Gradua\u00e7\u00e3o tem por objetivo promover a\u00e7\u00f5es que visam favorecer a perman\u00eancia, com sucesso, de todos aqueles que ingressam na Institui\u00e7\u00e3o. Nessa perspectiva, al\u00e9m dos programas de assist\u00eancia estudantil, compreende-se a necessidade de a\u00e7\u00f5es que provoquem a participa\u00e7\u00e3o dos estudantes em atividades de ensino, pesquisa e extens\u00e3o e que possibilitem aos estudantes um percurso exitoso de forma\u00e7\u00e3o acad\u00eamica e profissional, no sentido de garantir reais condi\u00e7\u00f5es de perman\u00eancia.<\/p>\n\n\n\n<p>Assim, dentre as a\u00e7\u00f5es propostas, ser\u00e3o desenvolvidas oficinas e mesas redondas. As oficinas s\u00e3o destinadas, especificamente, aos estudantes de gradua\u00e7\u00e3o. Contudo, as mesas redondas ser\u00e3o abertas a participa\u00e7\u00e3o de toda comunidade. As oficinas e as mesas redondas abordar\u00e3o assuntos\/tem\u00e1ticas que estejam em conson\u00e2ncia com as necessidades do p\u00fablico estudantil, bem como, voltadas a realidade das situa\u00e7\u00f5es ambientais, pol\u00edticas e sociais da regi\u00e3o\/pa\u00eds. <\/p>\n","protected":false},"excerpt":{"rendered":"<p>Evento acontece no dia 25 de abril, \u00e0s 15h no Audit\u00f3rio do Campus Santa In\u00eas<\/p>\n","protected":false},"author":86,"featured_media":11876,"comment_status":"closed","ping_status":"closed","sticky":false,"template":"","format":"standard","meta":[],"categories":[4,12,10,57],"tags":[],"_links":{"self":[{"href":"https:\/\/www.ifbaiano.edu.br\/unidades\/santaines\/wp-json\/wp\/v2\/posts\/11875"}],"collection":[{"href":"https:\/\/www.ifbaiano.edu.br\/unidades\/santaines\/wp-json\/wp\/v2\/posts"}],"about":[{"href":"https:\/\/www.ifbaiano.edu.br\/unidades\/santaines\/wp-json\/wp\/v2\/types\/post"}],"author":[{"embeddable":true,"href":"https:\/\/www.ifbaiano.edu.br\/unidades\/santaines\/wp-json\/wp\/v2\/users\/86"}],"replies":[{"embeddable":true,"href":"https:\/\/www.ifbaiano.edu.br\/unidades\/santaines\/wp-json\/wp\/v2\/comments?post=11875"}],"version-history":[{"count":2,"href":"https:\/\/www.ifbaiano.edu.br\/unidades\/santaines\/wp-json\/wp\/v2\/posts\/11875\/revisions"}],"predecessor-version":[{"id":11880,"href":"https:\/\/www.ifbaiano.edu.br\/unidades\/santaines\/wp-json\/wp\/v2\/posts\/11875\/revisions\/11880"}],"wp:featuredmedia":[{"embeddable":true,"href":"https:\/\/www.ifbaiano.edu.br\/unidades\/santaines\/wp-json\/wp\/v2\/media\/11876"}],"wp:attachment":[{"href":"https:\/\/www.ifbaiano.edu.br\/unidades\/santaines\/wp-json\/wp\/v2\/media?parent=11875"}],"wp:term":[{"taxonomy":"category","embeddable":true,"href":"https:\/\/www.ifbaiano.edu.br\/unidades\/santaines\/wp-json\/wp\/v2\/categories?post=11875"},{"taxonomy":"post_tag","embeddable":true,"href":"https:\/\/www.ifbaiano.edu.br\/unidades\/santaines\/wp-json\/wp\/v2\/tags?post=11875"}],"curies":[{"name":"wp","href":"https:\/\/api.w.org\/{rel}","templated":true}]}}