{"id":11881,"date":"2019-04-22T14:00:36","date_gmt":"2019-04-22T17:00:36","guid":{"rendered":"http:\/\/www.ifbaiano.edu.br\/unidades\/santaines\/?p=11881"},"modified":"2019-04-22T14:00:36","modified_gmt":"2019-04-22T17:00:36","slug":"if-baiano-realizara-o-1o-festival-de-arte-e-musica","status":"publish","type":"post","link":"https:\/\/www.ifbaiano.edu.br\/unidades\/santaines\/if-baiano-realizara-o-1o-festival-de-arte-e-musica\/","title":{"rendered":"IF Baiano realizar\u00e1 o 1\u00ba Festival de Arte e M\u00fasica"},"content":{"rendered":"\n<figure class=\"wp-block-image is-resized\"><img decoding=\"async\" loading=\"lazy\" src=\"http:\/\/www.ifbaiano.edu.br\/unidades\/santaines\/files\/2019\/04\/marca-famif-1.jpg\" alt=\"\" class=\"wp-image-11882\" width=\"567\" height=\"420\" \/><\/figure>\n\n\n\n<p>A Pr\u00f3-Reitoria de Extens\u00e3o, sens\u00edvel \u00e0 import\u00e2ncia do desenvolvimento de atividades de extens\u00e3o voltadas \u00e0 arte, \u00e0 valoriza\u00e7\u00e3o e difus\u00e3o da cultura regional, em parceria com os campi, promove o FESTIVAL DE ARTE E M\u00daSICA DO IF BAIANO.<\/p>\n\n\n\n<p>Idealizado pelas Pr\u00f3-Reitoria de Extens\u00e3o e Pr\u00f3-Reitoria de Desenvolvimento Institucional do IF Baiano, o FAMIF BAIANO compreende que as manifesta\u00e7\u00f5es art\u00edsticas, al\u00e9m de constitu\u00edrem componentes curriculares \u2013 suas linguagens na aprendizagem \u2013 s\u00e3o tamb\u00e9m formas de promover o l\u00fadico, aproximar e compartilhar conhecimentos. Al\u00e9m disso, a arte e a cultura s\u00e3o componentes essenciais para a promo\u00e7\u00e3o da sa\u00fade e qualidade de vida do discente, servidor(a) e colaborador(a), tendo em vista a sua capilaridade nas diferentes formas de express\u00e3o humana: emo\u00e7\u00f5es, sensibilidades e experi\u00eancias que propiciam uma amplia\u00e7\u00e3o da subjetividade dos educandos.<\/p>\n\n\n\n<p>Inscri\u00e7\u00f5es at\u00e9 26 de abril. Saiba como participar em&nbsp;<a href=\"http:\/\/famif.ifbaiano.edu.br\/\" target=\"_blank\" rel=\"noreferrer noopener\">famif.ifbaiano.edu.br<\/a>&nbsp;.<\/p>\n","protected":false},"excerpt":{"rendered":"<p>Mostre seu talento no 1\u00ba Festival de Arte e M\u00fasica do IF Baiano.<\/p>\n","protected":false},"author":86,"featured_media":11882,"comment_status":"closed","ping_status":"closed","sticky":false,"template":"","format":"standard","meta":[],"categories":[4,10,1,57],"tags":[],"_links":{"self":[{"href":"https:\/\/www.ifbaiano.edu.br\/unidades\/santaines\/wp-json\/wp\/v2\/posts\/11881"}],"collection":[{"href":"https:\/\/www.ifbaiano.edu.br\/unidades\/santaines\/wp-json\/wp\/v2\/posts"}],"about":[{"href":"https:\/\/www.ifbaiano.edu.br\/unidades\/santaines\/wp-json\/wp\/v2\/types\/post"}],"author":[{"embeddable":true,"href":"https:\/\/www.ifbaiano.edu.br\/unidades\/santaines\/wp-json\/wp\/v2\/users\/86"}],"replies":[{"embeddable":true,"href":"https:\/\/www.ifbaiano.edu.br\/unidades\/santaines\/wp-json\/wp\/v2\/comments?post=11881"}],"version-history":[{"count":2,"href":"https:\/\/www.ifbaiano.edu.br\/unidades\/santaines\/wp-json\/wp\/v2\/posts\/11881\/revisions"}],"predecessor-version":[{"id":11884,"href":"https:\/\/www.ifbaiano.edu.br\/unidades\/santaines\/wp-json\/wp\/v2\/posts\/11881\/revisions\/11884"}],"wp:featuredmedia":[{"embeddable":true,"href":"https:\/\/www.ifbaiano.edu.br\/unidades\/santaines\/wp-json\/wp\/v2\/media\/11882"}],"wp:attachment":[{"href":"https:\/\/www.ifbaiano.edu.br\/unidades\/santaines\/wp-json\/wp\/v2\/media?parent=11881"}],"wp:term":[{"taxonomy":"category","embeddable":true,"href":"https:\/\/www.ifbaiano.edu.br\/unidades\/santaines\/wp-json\/wp\/v2\/categories?post=11881"},{"taxonomy":"post_tag","embeddable":true,"href":"https:\/\/www.ifbaiano.edu.br\/unidades\/santaines\/wp-json\/wp\/v2\/tags?post=11881"}],"curies":[{"name":"wp","href":"https:\/\/api.w.org\/{rel}","templated":true}]}}