{"id":1189,"date":"2012-02-14T10:45:08","date_gmt":"2012-02-14T13:45:08","guid":{"rendered":"http:\/\/www.ifbaiano.edu.br\/unidades\/santaines\/?p=1189"},"modified":"2012-02-16T15:36:57","modified_gmt":"2012-02-16T18:36:57","slug":"matricula-2012-para-novos-alunos-dos-cursos-tecnico-de-nivel-medio-subsequente-e-proeja","status":"publish","type":"post","link":"https:\/\/www.ifbaiano.edu.br\/unidades\/santaines\/matricula-2012-para-novos-alunos-dos-cursos-tecnico-de-nivel-medio-subsequente-e-proeja\/","title":{"rendered":"Matr\u00edcula 2012 para novos alunos dos cursos T\u00e9cnico de N\u00edvel M\u00e9dio, subsequente e PROEJA"},"content":{"rendered":"<p>O Diretor Geral do IF Baiano Campus Santa In\u00eas, no uso de suas atribui\u00e7\u00f5es legais, torna p\u00fablico o presente EDITAL de Matr\u00edcula para o ano letivo de 2012, conforme lhe confere a Portaria n\u00ba 813 de 17\/08\/2011 e DOU de 19\/08\/2011.<\/p>\n<p>Convoca para efetiva\u00e7\u00e3o de suas MATR\u00cdCULAS, os candidatos aprovados no Processo Seletivo 2012.1 e 2012.2 para os Cursos da Educa\u00e7\u00e3o Profissional T\u00e9cnica de N\u00edvel M\u00e9dio, nas formas: Integrada, Subseq\u00fcente e na Modalidade Proeja, com entrada para o 1\u00ba e 2\u00ba semestres, conforme Edital 85\/2011.<\/p>\n<p>Confira a lista dos classificados no processo seletivo 2012:<\/p>\n<p><a href=\"http:\/\/www.ifbaiano.edu.br\/unidades\/santaines\/files\/2012\/02\/CLASSIFICACAO-GERAL-INTEGRADO-AGROPECUARIA.pdf\">CLASSIFICA\u00c7\u00c3O GERAL INTEGRADO &#8211; AGROPECU\u00c1RIA<\/a><br \/>\n<a href=\"http:\/\/www.ifbaiano.edu.br\/unidades\/santaines\/files\/2012\/02\/CLASSIFICACAO-GERAL-INTEGRADO-ALIMENTOS.pdf\">CLASSIFICA\u00c7\u00c3O GERAL INTEGRADO &#8211; ALIMENTOS<\/a><br \/>\n<a href=\"http:\/\/www.ifbaiano.edu.br\/unidades\/santaines\/files\/2012\/02\/CLASSIFICACAO-GERAL-INTEGRADO-ZOOTECNIA.pdf\">CLASSIFICA\u00c7\u00c3O GERAL INTEGRADO- ZOOTECNIA<\/a><br \/>\n<a href=\"http:\/\/www.ifbaiano.edu.br\/unidades\/santaines\/files\/2012\/02\/CLASSIFICACAO-GERAL-PROEJA.pdf\">CLASSIFICA\u00c7\u00c3O GERAL PROEJA<\/a><br \/>\n<a href=\"http:\/\/www.ifbaiano.edu.br\/unidades\/santaines\/files\/2012\/02\/CLASSIFICADOS-GERAL-SUBSEQUENTE-INFORMATICA.pdf\">CLASSIFICA\u00c7\u00c3O GERAL SUBSEQ\u00dcENTE &#8211; INFORM\u00c1TICA<\/a><\/p>\n<p>1\u00aa CHAMADA<br \/>\nDe 13 a 17 de fevereiro de 2012.<br \/>\nHOR\u00c1RIO: Das 08:00 \u00e0s 17:00 horas.<\/p>\n<p>Divulga\u00e7\u00e3o das vagas remanescente, 2\u00aa chamada.<br \/>\nDia: 23 de fevereiro de 2012<\/p>\n<p>2\u00aa CHAMADA<br \/>\nDias: 24,27 e 28 de fevereiro de 2012.<br \/>\nHOR\u00c1RIO: Das 08:00 \u00e0s 17:00 horas.<\/p>\n<p>Divulga\u00e7\u00e3o das vagas remanescente, 3\u00aa chamada.<br \/>\nDia: 29 de fevereiro de 2012<\/p>\n<p>3\u00aa CHAMADA<br \/>\nDias: 01 e 02 de marco de 2012.<br \/>\nHOR\u00c1RIO: Das 08:00 \u00e0s 17:00 horas.<\/p>\n<p>Havendo a necessidade de chamadas posteriores, ser\u00e1 divulgada no site do IF Baiano \u2013 Campus Santa In\u00eas. Endere\u00e7o: www.si.ifbaiano.edu.br<\/p>\n<p>LOCAL: IF BAIANO \u2013 CAMPUS SANTA IN\u00caS &#8211; Rodovia BR 420 \u2013 KM 2,5 (Santa In\u00eas\/Uba\u00edra)- Cep 45320-000 &#8211; Santa In\u00eas\/ Bahia<\/p>\n<p>SETOR: SRA \u2013 Secretaria de Registros Acad\u00eamicos.<\/p>\n<p>Maiores informa\u00e7\u00f5es confira o documento: <a href=\"http:\/\/www.ifbaiano.edu.br\/unidades\/santaines\/files\/2012\/02\/Edital-de-matricula-2012-PUBLICACAO-pdf.pdf\">Edital de matr\u00edcula 2012<\/a><\/p>\n","protected":false},"excerpt":{"rendered":"<p>O Diretor Geral do IF Baiano Campus Santa In\u00eas, no uso de suas atribui\u00e7\u00f5es legais, torna p\u00fablico o presente EDITAL de Matr\u00edcula para o ano letivo de 2012, conforme lhe confere a Portaria n\u00ba 813 de 17\/08\/2011 e DOU de 19\/08\/2011. Convoca para efetiva\u00e7\u00e3o de suas MATR\u00cdCULAS, os candidatos aprovados no Processo Seletivo 2012.1 e [&hellip;]<\/p>\n","protected":false},"author":26,"featured_media":0,"comment_status":"closed","ping_status":"closed","sticky":false,"template":"","format":"standard","meta":[],"categories":[8],"tags":[],"_links":{"self":[{"href":"https:\/\/www.ifbaiano.edu.br\/unidades\/santaines\/wp-json\/wp\/v2\/posts\/1189"}],"collection":[{"href":"https:\/\/www.ifbaiano.edu.br\/unidades\/santaines\/wp-json\/wp\/v2\/posts"}],"about":[{"href":"https:\/\/www.ifbaiano.edu.br\/unidades\/santaines\/wp-json\/wp\/v2\/types\/post"}],"author":[{"embeddable":true,"href":"https:\/\/www.ifbaiano.edu.br\/unidades\/santaines\/wp-json\/wp\/v2\/users\/26"}],"replies":[{"embeddable":true,"href":"https:\/\/www.ifbaiano.edu.br\/unidades\/santaines\/wp-json\/wp\/v2\/comments?post=1189"}],"version-history":[{"count":3,"href":"https:\/\/www.ifbaiano.edu.br\/unidades\/santaines\/wp-json\/wp\/v2\/posts\/1189\/revisions"}],"predecessor-version":[{"id":1191,"href":"https:\/\/www.ifbaiano.edu.br\/unidades\/santaines\/wp-json\/wp\/v2\/posts\/1189\/revisions\/1191"}],"wp:attachment":[{"href":"https:\/\/www.ifbaiano.edu.br\/unidades\/santaines\/wp-json\/wp\/v2\/media?parent=1189"}],"wp:term":[{"taxonomy":"category","embeddable":true,"href":"https:\/\/www.ifbaiano.edu.br\/unidades\/santaines\/wp-json\/wp\/v2\/categories?post=1189"},{"taxonomy":"post_tag","embeddable":true,"href":"https:\/\/www.ifbaiano.edu.br\/unidades\/santaines\/wp-json\/wp\/v2\/tags?post=1189"}],"curies":[{"name":"wp","href":"https:\/\/api.w.org\/{rel}","templated":true}]}}