{"id":11897,"date":"2019-04-26T16:52:46","date_gmt":"2019-04-26T19:52:46","guid":{"rendered":"http:\/\/www.ifbaiano.edu.br\/unidades\/santaines\/?p=11897"},"modified":"2019-04-26T17:19:25","modified_gmt":"2019-04-26T20:19:25","slug":"campus-santa-ines-faz-selecao-de-candidatos-para-o-curso-tecnico-em-agropecuaria-integrado-ao-ensino-medio-proeja","status":"publish","type":"post","link":"https:\/\/www.ifbaiano.edu.br\/unidades\/santaines\/campus-santa-ines-faz-selecao-de-candidatos-para-o-curso-tecnico-em-agropecuaria-integrado-ao-ensino-medio-proeja\/","title":{"rendered":"Campus Santa In\u00eas abre Sele\u00e7\u00e3o para o curso T\u00e9cnico em Agropecu\u00e1ria Integrado ao Ensino M\u00e9dio\/PROEJA"},"content":{"rendered":"\n<figure class=\"wp-block-image\"><img decoding=\"async\" loading=\"lazy\" width=\"1000\" height=\"1000\" src=\"http:\/\/www.ifbaiano.edu.br\/unidades\/santaines\/files\/2019\/04\/848529f9-0624-4e5f-a2de-a1a105b17ea4.jpg\" alt=\"\" class=\"wp-image-11900\" \/><\/figure>\n\n\n\n<p>O Processo de Sele\u00e7\u00e3o dos candidatos \u00e0s vagas remanescentes  <br>no curso T\u00e9cnico em Agropecu\u00e1ria integrado ao Ensino M\u00e9dio\/PROEJA presencial na metodologia da altern\u00e2ncia ser\u00e1 realizada mediante manifesta\u00e7\u00e3o presencial de interesse na vaga por meio de preenchimento da declara\u00e7\u00e3o disponibilizada no Edital (ANEXO II), diretamente no campus e a classifica\u00e7\u00e3o e sele\u00e7\u00e3o dos candidatos dar-se-\u00e1  por meio de ordem de chegada durante o per\u00edodo compreendido entre 29 de abril a 02 de maio de 2019, no hor\u00e1rio de 08h \u00e0s 11h30min e das 14h \u00e0s 17h30min, na sala do Napea (Setor Pedag\u00f3gico) do campus Santa In\u00eas. <\/p>\n\n\n\n<p>No momento  da manifesta\u00e7\u00e3o  presencial  de interesse na vaga, o candidato  dever\u00e1 apresentar toda a documenta\u00e7\u00e3o exigida no Edital. Todos os documentos s\u00e3o obrigat\u00f3rios e indispens\u00e1veis, e a aus\u00eancia de um deles  impedir\u00e1 a efetiva\u00e7\u00e3o da matr\u00edcula. <\/p>\n\n\n\n<p>O candidato dever\u00e1 manifestar interesse na vaga e realizar a matr\u00edcula pessoalmente ou representado   por   outra   pessoa   mediante   procura\u00e7\u00e3o   acompanhada   do   documento   de identifica\u00e7\u00e3o do(a) procurador(a) e a c\u00f3pia autenticada do documento de identifica\u00e7\u00e3o do(a) candidato (a). Essa procura\u00e7\u00e3o poder\u00e1 ser particular (de pr\u00f3prio punho).  A matr\u00edcula dos candidatos ser\u00e1 realizada presencialmente, no per\u00edodo de 06 de maio a 07 de maio de 2019, no hor\u00e1rio de 08:00 \u00e0s 14:00, na Secretaria  do campus Santa In\u00eas.<\/p>\n\n\n\n<p>O curso t\u00e9cnico de n\u00edvel m\u00e9dio PROEJA \u00e9 destinado aos candidatos que conclu\u00edram o Ensino Fundamental.  <\/p>\n\n\n\n<p><a href=\"http:\/\/concurso.ifbaiano.edu.br\/portal\/proeja-2019\/wp-content\/uploads\/sites\/191\/2019\/04\/Edital-de-Matr%C3%ADcula-n%C2%BA-06-PROEJA-Vagas-Remanescentes-Santa-In%C3%AAs.pdf\">Clique AQUI para ver todas as informa\u00e7\u00f5es.<\/a><\/p>\n\n\n\n<p><\/p>\n","protected":false},"excerpt":{"rendered":"<p>Inscri\u00e7\u00f5es de 29 de abril a 02 de maio de 2019<\/p>\n","protected":false},"author":86,"featured_media":0,"comment_status":"closed","ping_status":"closed","sticky":false,"template":"","format":"standard","meta":[],"categories":[4,13,10,8,1,57],"tags":[],"_links":{"self":[{"href":"https:\/\/www.ifbaiano.edu.br\/unidades\/santaines\/wp-json\/wp\/v2\/posts\/11897"}],"collection":[{"href":"https:\/\/www.ifbaiano.edu.br\/unidades\/santaines\/wp-json\/wp\/v2\/posts"}],"about":[{"href":"https:\/\/www.ifbaiano.edu.br\/unidades\/santaines\/wp-json\/wp\/v2\/types\/post"}],"author":[{"embeddable":true,"href":"https:\/\/www.ifbaiano.edu.br\/unidades\/santaines\/wp-json\/wp\/v2\/users\/86"}],"replies":[{"embeddable":true,"href":"https:\/\/www.ifbaiano.edu.br\/unidades\/santaines\/wp-json\/wp\/v2\/comments?post=11897"}],"version-history":[{"count":5,"href":"https:\/\/www.ifbaiano.edu.br\/unidades\/santaines\/wp-json\/wp\/v2\/posts\/11897\/revisions"}],"predecessor-version":[{"id":11904,"href":"https:\/\/www.ifbaiano.edu.br\/unidades\/santaines\/wp-json\/wp\/v2\/posts\/11897\/revisions\/11904"}],"wp:attachment":[{"href":"https:\/\/www.ifbaiano.edu.br\/unidades\/santaines\/wp-json\/wp\/v2\/media?parent=11897"}],"wp:term":[{"taxonomy":"category","embeddable":true,"href":"https:\/\/www.ifbaiano.edu.br\/unidades\/santaines\/wp-json\/wp\/v2\/categories?post=11897"},{"taxonomy":"post_tag","embeddable":true,"href":"https:\/\/www.ifbaiano.edu.br\/unidades\/santaines\/wp-json\/wp\/v2\/tags?post=11897"}],"curies":[{"name":"wp","href":"https:\/\/api.w.org\/{rel}","templated":true}]}}