{"id":11914,"date":"2019-04-30T11:00:12","date_gmt":"2019-04-30T14:00:12","guid":{"rendered":"http:\/\/www.ifbaiano.edu.br\/unidades\/santaines\/?p=11914"},"modified":"2019-05-07T09:24:13","modified_gmt":"2019-05-07T12:24:13","slug":"festival-de-arte-e-musica-do-if-baiano-prorroga-inscricoes-ate-3-de-maio","status":"publish","type":"post","link":"https:\/\/www.ifbaiano.edu.br\/unidades\/santaines\/festival-de-arte-e-musica-do-if-baiano-prorroga-inscricoes-ate-3-de-maio\/","title":{"rendered":"Festival de Arte e M\u00fasica do IF Baiano prorroga inscri\u00e7\u00f5es at\u00e9 3 de maio"},"content":{"rendered":"\n<p>O IF Baiano vai celebrar os talentos art\u00edsticos da institui\u00e7\u00e3o na primeira edi\u00e7\u00e3o do FAMIF \u2013 Festival de Arte e M\u00fasica do IF Baiano. Promovido pela Pr\u00f3-Reitoria de Extens\u00e3o (Proex) e Coordena\u00e7\u00f5es de Extens\u00e3o nos <em>campi,&nbsp;<\/em>o evento visa fortalecer as bases socioculturais e art\u00edsticas presentes nos diversos territ\u00f3rios em que est\u00e3o instalados os 14 campi e reitoria. <\/p>\n\n\n\n<figure class=\"wp-block-image\"><img decoding=\"async\" loading=\"lazy\" width=\"2412\" height=\"1076\" src=\"http:\/\/www.ifbaiano.edu.br\/unidades\/santaines\/files\/2019\/04\/foto-maev-182.jpg\" alt=\"\" class=\"wp-image-11915\" \/><figcaption> <br>Servidoras do IF Baiano em apresenta\u00e7\u00e3o art\u00edstica no Campus Senhor do Bonfim <\/figcaption><\/figure>\n\n\n\n<p>Com a prorroga\u00e7\u00e3o, interessados podem se inscrever at\u00e9 o dia 3 de maio, entregando formul\u00e1rio de inscri\u00e7\u00e3o e c\u00f3pia de documento com foto na Coordena\u00e7\u00e3o de Extens\u00e3o (para inscri\u00e7\u00f5es nos&nbsp;<em>campi<\/em>) ou na Proex (para inscri\u00e7\u00f5es na Reitoria).&nbsp;<strong>Podem participar estudantes, egressos, servidores e colaboradores (terceirizados, estagi\u00e1rios) do IF Baiano.<\/strong><\/p>\n\n\n\n<p>Algumas mudan\u00e7as no regulamento do festival foram divulgadas em&nbsp;<a href=\"http:\/\/ifbaiano.edu.br\/portal\/extensao\/wp-content\/uploads\/sites\/4\/2019\/04\/edital-RETIFICACAO-01-famif.pdf\">edital de retifica\u00e7\u00e3o<\/a>. Agora, os candidatos podem realizar at\u00e9 duas inscri\u00e7\u00f5es no FAMIF BAIANO, em mais de uma modalidade e mais de um formato de apresenta\u00e7\u00e3o, por\u00e9m, em apenas uma das categorias. Outra novidade \u00e9 a possibilidade de participa\u00e7\u00f5es especiais em apresenta\u00e7\u00f5es j\u00e1 inscritas no Festival.<\/p>\n\n\n\n<p>O FAMIF IF BAIANO ter\u00e1 duas etapas: na primeira, ser\u00e3o realizados festivais internos nos&nbsp;<em>campi&nbsp;<\/em>e reitoria, no per\u00edodo de 8 a 17 de maio de 2019. Depois, a etapa final,&nbsp;<em>intercampi<\/em>, que acontecer\u00e1 em Salvador, nos dias 3, 4 e 5 de junho.<\/p>\n\n\n\n<p><strong>Formatos \u2013&nbsp;<\/strong>Nas modalidades individual ou em grupo, as apresenta\u00e7\u00f5es podem ser de&nbsp;<strong>Interpreta\u00e7\u00e3o musical instrumental e\/ou vocal<\/strong>&nbsp;(autoral e n\u00e3o-autoral) ou&nbsp;<strong>Performances art\u00edsticas<\/strong>, como declama\u00e7\u00e3o de poema\/poesia autoral, teatro, stand up comedy, arte circense ou dan\u00e7a.<\/p>\n\n\n\n<p>Mais informa\u00e7\u00f5es na&nbsp;<a href=\"http:\/\/ifbaiano.edu.br\/portal\/extensao\/famif-2019\/\">p\u00e1gina do FAMIF.<\/a><\/p>\n","protected":false},"excerpt":{"rendered":"<p>Podem participar estudantes, egressos, servidores e colaboradores (terceirizados, estagi\u00e1rios) do IF Baiano.<\/p>\n","protected":false},"author":86,"featured_media":11916,"comment_status":"closed","ping_status":"closed","sticky":false,"template":"","format":"standard","meta":[],"categories":[4,5,10,57],"tags":[],"_links":{"self":[{"href":"https:\/\/www.ifbaiano.edu.br\/unidades\/santaines\/wp-json\/wp\/v2\/posts\/11914"}],"collection":[{"href":"https:\/\/www.ifbaiano.edu.br\/unidades\/santaines\/wp-json\/wp\/v2\/posts"}],"about":[{"href":"https:\/\/www.ifbaiano.edu.br\/unidades\/santaines\/wp-json\/wp\/v2\/types\/post"}],"author":[{"embeddable":true,"href":"https:\/\/www.ifbaiano.edu.br\/unidades\/santaines\/wp-json\/wp\/v2\/users\/86"}],"replies":[{"embeddable":true,"href":"https:\/\/www.ifbaiano.edu.br\/unidades\/santaines\/wp-json\/wp\/v2\/comments?post=11914"}],"version-history":[{"count":2,"href":"https:\/\/www.ifbaiano.edu.br\/unidades\/santaines\/wp-json\/wp\/v2\/posts\/11914\/revisions"}],"predecessor-version":[{"id":11967,"href":"https:\/\/www.ifbaiano.edu.br\/unidades\/santaines\/wp-json\/wp\/v2\/posts\/11914\/revisions\/11967"}],"wp:featuredmedia":[{"embeddable":true,"href":"https:\/\/www.ifbaiano.edu.br\/unidades\/santaines\/wp-json\/wp\/v2\/media\/11916"}],"wp:attachment":[{"href":"https:\/\/www.ifbaiano.edu.br\/unidades\/santaines\/wp-json\/wp\/v2\/media?parent=11914"}],"wp:term":[{"taxonomy":"category","embeddable":true,"href":"https:\/\/www.ifbaiano.edu.br\/unidades\/santaines\/wp-json\/wp\/v2\/categories?post=11914"},{"taxonomy":"post_tag","embeddable":true,"href":"https:\/\/www.ifbaiano.edu.br\/unidades\/santaines\/wp-json\/wp\/v2\/tags?post=11914"}],"curies":[{"name":"wp","href":"https:\/\/api.w.org\/{rel}","templated":true}]}}