{"id":11918,"date":"2019-04-30T11:10:53","date_gmt":"2019-04-30T14:10:53","guid":{"rendered":"http:\/\/www.ifbaiano.edu.br\/unidades\/santaines\/?p=11918"},"modified":"2019-04-30T11:10:53","modified_gmt":"2019-04-30T14:10:53","slug":"if-baiano-inicia-processo-eleitoral-do-consup-para-o-bienio-2019-2021","status":"publish","type":"post","link":"https:\/\/www.ifbaiano.edu.br\/unidades\/santaines\/if-baiano-inicia-processo-eleitoral-do-consup-para-o-bienio-2019-2021\/","title":{"rendered":"IF Baiano inicia processo eleitoral do Consup para o bi\u00eanio 2019-2021"},"content":{"rendered":"\n<p>Os editais referentes ao processo eleitoral&nbsp;de&nbsp;escolha dos representantes do Conselho Superior do IF Baiano (Consup) para o bi\u00eanio 2019-2021 j\u00e1 est\u00e3o dispon\u00edveis para consulta da comunidade acad\u00eamica. Interessados em encaminhar candidaturas devem ficar atentos ao prazo de inscri\u00e7\u00e3o:<strong>dias 25 e 26 de abril.<\/strong><\/p>\n\n\n\n<p>A elei\u00e7\u00e3o tem como objetivo compor as cadeiras de representantes de se\u00e7\u00e3o sindical, diret\u00f3rio&nbsp;central dos estudantes,&nbsp;docentes, t\u00e9cnicos administrativos em educa\u00e7\u00e3o, discentes e egressos.<\/p>\n\n\n\n<p>Os candidatos poder\u00e3o preferencialmente ser votados por seus pares lotados em suas respectivas unidades, sendo permitido o voto em tr\u00e2nsito do servidor em processo de coopera\u00e7\u00e3o t\u00e9cnica, em atividades acad\u00eamicas em outro&nbsp;<em>campus<\/em>, e ao discente que esteja realizando est\u00e1gio em outra unidade de ensino ou em outro munic\u00edpio lim\u00edtrofe que possua um&nbsp;<em>campus<\/em>&nbsp;do IF Baiano.&nbsp;<strong>A vota\u00e7\u00e3o est\u00e1 prevista para o dia 14 de maio.<\/strong><\/p>\n\n\n\n<p><strong>O CONSUP<\/strong>&nbsp;\u2013 De car\u00e1ter consultivo e deliberativo, o Consup \u00e9 o \u00f3rg\u00e3o m\u00e1ximo da Autarquia, integra a estrutura b\u00e1sica do Instituto Federal de Educa\u00e7\u00e3o, Ci\u00eancia e Tecnologia Baiano, e \u00e9 regido pelas disposi\u00e7\u00f5es da Lei n.\u00ba 11.892, de 29 de dezembro de 2008, pelo Estatuto do IF Baiano, e pelas normas espec\u00edficas do seu Regimento Interno.<\/p>\n\n\n\n<p>As elei\u00e7\u00f5es s\u00e3o conduzidas pela Comiss\u00e3o Eleitoral Geral, indicada pelo Reitor, e Comiss\u00e3o Eleitoral Local, em cada unidade que comp\u00f5e o IF Baiano (<em>Campus&nbsp;<\/em>e Reitoria), designada pelo Diretor Geral e Reitor, respectivamente, respeitando o estabelecido no&nbsp;<a href=\"http:\/\/concurso.ifbaiano.edu.br\/portal\/eleicoes-consup-bienio-2019-2021\/wp-content\/uploads\/sites\/250\/2019\/04\/Regulamento-Eleitoral.pdf\" target=\"_blank\" rel=\"noreferrer noopener\">Regulamento Eleitoral do Consup<\/a>.<\/p>\n\n\n\n<p>Todas as informa\u00e7\u00f5es sobre as Elei\u00e7\u00f5es do Conselho Superior est\u00e3o dispon\u00edveis na&nbsp;<a href=\"http:\/\/concurso.ifbaiano.edu.br\/portal\/eleicoes-consup-bienio-2019-2021\/\" target=\"_blank\" rel=\"noreferrer noopener\">p\u00e1gina do processo eleitoral<\/a>.<\/p>\n","protected":false},"excerpt":{"rendered":"<p>Inscri\u00e7\u00e3o de candidatos nos dias 25 e 26 de abril de 2019.<\/p>\n","protected":false},"author":86,"featured_media":11919,"comment_status":"closed","ping_status":"closed","sticky":false,"template":"","format":"standard","meta":[],"categories":[4,10,1,57],"tags":[],"_links":{"self":[{"href":"https:\/\/www.ifbaiano.edu.br\/unidades\/santaines\/wp-json\/wp\/v2\/posts\/11918"}],"collection":[{"href":"https:\/\/www.ifbaiano.edu.br\/unidades\/santaines\/wp-json\/wp\/v2\/posts"}],"about":[{"href":"https:\/\/www.ifbaiano.edu.br\/unidades\/santaines\/wp-json\/wp\/v2\/types\/post"}],"author":[{"embeddable":true,"href":"https:\/\/www.ifbaiano.edu.br\/unidades\/santaines\/wp-json\/wp\/v2\/users\/86"}],"replies":[{"embeddable":true,"href":"https:\/\/www.ifbaiano.edu.br\/unidades\/santaines\/wp-json\/wp\/v2\/comments?post=11918"}],"version-history":[{"count":1,"href":"https:\/\/www.ifbaiano.edu.br\/unidades\/santaines\/wp-json\/wp\/v2\/posts\/11918\/revisions"}],"predecessor-version":[{"id":11920,"href":"https:\/\/www.ifbaiano.edu.br\/unidades\/santaines\/wp-json\/wp\/v2\/posts\/11918\/revisions\/11920"}],"wp:featuredmedia":[{"embeddable":true,"href":"https:\/\/www.ifbaiano.edu.br\/unidades\/santaines\/wp-json\/wp\/v2\/media\/11919"}],"wp:attachment":[{"href":"https:\/\/www.ifbaiano.edu.br\/unidades\/santaines\/wp-json\/wp\/v2\/media?parent=11918"}],"wp:term":[{"taxonomy":"category","embeddable":true,"href":"https:\/\/www.ifbaiano.edu.br\/unidades\/santaines\/wp-json\/wp\/v2\/categories?post=11918"},{"taxonomy":"post_tag","embeddable":true,"href":"https:\/\/www.ifbaiano.edu.br\/unidades\/santaines\/wp-json\/wp\/v2\/tags?post=11918"}],"curies":[{"name":"wp","href":"https:\/\/api.w.org\/{rel}","templated":true}]}}