{"id":11947,"date":"2019-05-06T11:46:00","date_gmt":"2019-05-06T14:46:00","guid":{"rendered":"http:\/\/www.ifbaiano.edu.br\/unidades\/santaines\/?p=11947"},"modified":"2019-05-06T11:46:00","modified_gmt":"2019-05-06T14:46:00","slug":"chamada-publica-no-01-2019-processo-de-dispensa-de-licitacao-para-generos-alimenticios","status":"publish","type":"post","link":"https:\/\/www.ifbaiano.edu.br\/unidades\/santaines\/chamada-publica-no-01-2019-processo-de-dispensa-de-licitacao-para-generos-alimenticios\/","title":{"rendered":"Chamada P\u00fablica N\u00ba 01\/2019 &#8211; Processo de Dispensa de Licita\u00e7\u00e3o para G\u00eaneros Aliment\u00edcios"},"content":{"rendered":"\n<p>O IF Baiano \u2013 Campus Santa In\u00eas , torna p\u00fablico, para conhecimento dos interessados, que realizar\u00e1 Chamada P\u00fablica para aquisi\u00e7\u00e3o de g\u00eaneros aliment\u00edcios da Agricultura Familiar para atendimento ao Programa de aquisi\u00e7\u00e3o de alimentos &#8211; PAA, conforme condi\u00e7\u00f5es estabelecidas em Edital e em seus anexos disponibilizados. <\/p>\n\n\n\n<p>Objeto:\u00a0 Aquisi\u00e7\u00e3o de alimentos de agricultores familiares e demais benefici\u00e1rios que se enquadrem nas disposi\u00e7\u00f5es da Lei n\u00ba 11.326, de 2006, por meio da modalidade Compra Institucional, do PAA .<\/p>\n\n\n\n<p> DAS DATAS, HOR\u00c1RIOS E LOCAL DOS EVENTOS:<\/p>\n\n\n\n<p>Per\u00edodo de divulga\u00e7\u00e3o da Chamada P\u00fablica: De 06\/05\/2019 a 28\/05\/2019. Entrega dos Envelopes: At\u00e9 \u00e0s 09h do dia 28\/05\/2019 (hor\u00e1rio de Bras\u00edlia) Sess\u00e3o P\u00fablica e Abertura dos Envelopes: Dia 28\/05\/2019, \u00e0s 9h (hor\u00e1rio de Bras\u00edlia). Endere\u00e7o da Sess\u00e3o P\u00fablica: Sala de Reuni\u00f5es do IF Baiano Campus Santa In\u00eas, localizada Km 2,5 \u2013 BR 420 \u2013 Rodovia Santa In\u00eas x Uba\u00edra \u2013 Santa In\u00eas \u2013 Bahia. <\/p>\n\n\n\n<h1 class=\"wp-block-heading\">Para maiores informa\u00e7\u00f5es sobre o Processo de Dispensa de Licita\u00e7\u00e3o para G\u00eaneros Aliment\u00edcios,\u00a0 <a href=\"http:\/\/www.ifbaiano.edu.br\/unidades\/santaines\/dispensa-de-licitacao-2019\/\">CLIQUE AQUI<\/a><\/h1>\n\n\n\n<p><\/p>\n","protected":false},"excerpt":{"rendered":"<p>Veja datas, hor\u00e1rios e local dos Eventos<\/p>\n","protected":false},"author":86,"featured_media":11954,"comment_status":"closed","ping_status":"closed","sticky":false,"template":"","format":"standard","meta":[],"categories":[4,10,1,57],"tags":[],"_links":{"self":[{"href":"https:\/\/www.ifbaiano.edu.br\/unidades\/santaines\/wp-json\/wp\/v2\/posts\/11947"}],"collection":[{"href":"https:\/\/www.ifbaiano.edu.br\/unidades\/santaines\/wp-json\/wp\/v2\/posts"}],"about":[{"href":"https:\/\/www.ifbaiano.edu.br\/unidades\/santaines\/wp-json\/wp\/v2\/types\/post"}],"author":[{"embeddable":true,"href":"https:\/\/www.ifbaiano.edu.br\/unidades\/santaines\/wp-json\/wp\/v2\/users\/86"}],"replies":[{"embeddable":true,"href":"https:\/\/www.ifbaiano.edu.br\/unidades\/santaines\/wp-json\/wp\/v2\/comments?post=11947"}],"version-history":[{"count":2,"href":"https:\/\/www.ifbaiano.edu.br\/unidades\/santaines\/wp-json\/wp\/v2\/posts\/11947\/revisions"}],"predecessor-version":[{"id":11955,"href":"https:\/\/www.ifbaiano.edu.br\/unidades\/santaines\/wp-json\/wp\/v2\/posts\/11947\/revisions\/11955"}],"wp:featuredmedia":[{"embeddable":true,"href":"https:\/\/www.ifbaiano.edu.br\/unidades\/santaines\/wp-json\/wp\/v2\/media\/11954"}],"wp:attachment":[{"href":"https:\/\/www.ifbaiano.edu.br\/unidades\/santaines\/wp-json\/wp\/v2\/media?parent=11947"}],"wp:term":[{"taxonomy":"category","embeddable":true,"href":"https:\/\/www.ifbaiano.edu.br\/unidades\/santaines\/wp-json\/wp\/v2\/categories?post=11947"},{"taxonomy":"post_tag","embeddable":true,"href":"https:\/\/www.ifbaiano.edu.br\/unidades\/santaines\/wp-json\/wp\/v2\/tags?post=11947"}],"curies":[{"name":"wp","href":"https:\/\/api.w.org\/{rel}","templated":true}]}}