{"id":11956,"date":"2019-05-15T13:23:28","date_gmt":"2019-05-15T16:23:28","guid":{"rendered":"http:\/\/www.ifbaiano.edu.br\/unidades\/santaines\/?p=11956"},"modified":"2019-05-15T13:26:43","modified_gmt":"2019-05-15T16:26:43","slug":"reitor-do-if-baiano-emite-nota-apos-corte-de-30-no-orcamento","status":"publish","type":"post","link":"https:\/\/www.ifbaiano.edu.br\/unidades\/santaines\/reitor-do-if-baiano-emite-nota-apos-corte-de-30-no-orcamento\/","title":{"rendered":"Reitor do IF Baiano emite Nota de Esclarecimento sobre Cortes no Or\u00e7amento"},"content":{"rendered":"\n<p>Na \u00faltima sexta-feira (03), o reitor do Instituto Federal Baiano, professor A\u00e9cio Jos\u00e9 Ara\u00fajo Passos Duarte, emitiu nota sobre o contingenciamento or\u00e7ament\u00e1rio imposto \u00e0 educa\u00e7\u00e3o com os recentes cortes do Governo Federal. Na nota, o reitor pontua a\u00e7\u00f5es que a institui\u00e7\u00e3o precisa adotar para se adequar \u00e0s medidas.<\/p>\n\n\n\n<p>O contingenciamento, segundo o Reitor, foi 30% no or\u00e7amento total do IF Baiano, sendo que para as a\u00e7\u00f5es de custeio, o corte chega a quase 40% em rela\u00e7\u00e3o ao que est\u00e1 estabelecido pela Lei Or\u00e7ament\u00e1ria de 2019.<\/p>\n\n\n\n<p>Para superar os cortes, a institui\u00e7\u00e3o dever\u00e1 realizar uma revis\u00e3o geral das a\u00e7\u00f5es que envolvem or\u00e7amento de custeio, tais como: reuni\u00f5es, cursos de capacita\u00e7\u00e3o, eventos e viagens t\u00e9cnicas. Os contratos continuados, como os servi\u00e7os de conserva\u00e7\u00e3o e vigil\u00e2ncia tamb\u00e9m dever\u00e3o ser revisados, assim como os custos com as unidades educativas de produ\u00e7\u00e3o dever\u00e3o ser diminu\u00eddos.<\/p>\n\n\n\n<p>O reitor ainda pontou que as reuni\u00f5es de colegiados, grupos de trabalho, comit\u00eas e comiss\u00f5es devam ser feitas, prioritariamente, via web confer\u00eancia, reduzindo custos de di\u00e1rias e passagens. Por fim, a recomenda\u00e7\u00e3o foi para a racionaliza\u00e7\u00e3o do consumo de \u00e1gua e energia, diminui\u00e7\u00e3o da quantidade de impress\u00f5es, dando prefer\u00eancia a vers\u00e3o digital dos documentos, e a redu\u00e7\u00e3o do uso de ve\u00edculos oficiais.<\/p>\n\n\n\n<p>Ap\u00f3s as recomenda\u00e7\u00f5es, o reitor do IF Baiano afirmou que buscar\u00e1, incansavelmente, solu\u00e7\u00f5es para reverter este quadro, a fim de retomar a normalidade das atividades da institui\u00e7\u00e3o. Ele se reunir\u00e1 na pr\u00f3xima quinta-feira (9) com o secret\u00e1rio da Secretaria de Secretaria de Educa\u00e7\u00e3o Profissional e Tecnol\u00f3gica, SETEC\/MEC para expor as dificuldades que estamos enfrentando.<\/p>\n\n\n\n<p><strong><a href=\"http:\/\/www.ifbaiano.edu.br\/unidades\/santaines\/files\/2019\/05\/Nota-de-Esclarecimento_contingenciamento-or\u00e7ament\u00e1rio.pdf\">Veja a nota na \u00edntegra<\/a><\/strong><\/p>\n","protected":false},"excerpt":{"rendered":"<p>Na \u00faltima sexta-feira (03), o reitor do Instituto Federal Baiano, professor A\u00e9cio Jos\u00e9 Ara\u00fajo Passos Duarte, emitiu nota sobre o contingenciamento or\u00e7ament\u00e1rio imposto \u00e0 educa\u00e7\u00e3o com os recentes cortes do Governo Federal. Na nota, o reitor pontua a\u00e7\u00f5es que a institui\u00e7\u00e3o precisa adotar para se adequar \u00e0s medidas. O contingenciamento, segundo o Reitor, foi 30% [&hellip;]<\/p>\n","protected":false},"author":86,"featured_media":11996,"comment_status":"closed","ping_status":"closed","sticky":false,"template":"","format":"standard","meta":[],"categories":[4,5,10],"tags":[],"_links":{"self":[{"href":"https:\/\/www.ifbaiano.edu.br\/unidades\/santaines\/wp-json\/wp\/v2\/posts\/11956"}],"collection":[{"href":"https:\/\/www.ifbaiano.edu.br\/unidades\/santaines\/wp-json\/wp\/v2\/posts"}],"about":[{"href":"https:\/\/www.ifbaiano.edu.br\/unidades\/santaines\/wp-json\/wp\/v2\/types\/post"}],"author":[{"embeddable":true,"href":"https:\/\/www.ifbaiano.edu.br\/unidades\/santaines\/wp-json\/wp\/v2\/users\/86"}],"replies":[{"embeddable":true,"href":"https:\/\/www.ifbaiano.edu.br\/unidades\/santaines\/wp-json\/wp\/v2\/comments?post=11956"}],"version-history":[{"count":2,"href":"https:\/\/www.ifbaiano.edu.br\/unidades\/santaines\/wp-json\/wp\/v2\/posts\/11956\/revisions"}],"predecessor-version":[{"id":11997,"href":"https:\/\/www.ifbaiano.edu.br\/unidades\/santaines\/wp-json\/wp\/v2\/posts\/11956\/revisions\/11997"}],"wp:featuredmedia":[{"embeddable":true,"href":"https:\/\/www.ifbaiano.edu.br\/unidades\/santaines\/wp-json\/wp\/v2\/media\/11996"}],"wp:attachment":[{"href":"https:\/\/www.ifbaiano.edu.br\/unidades\/santaines\/wp-json\/wp\/v2\/media?parent=11956"}],"wp:term":[{"taxonomy":"category","embeddable":true,"href":"https:\/\/www.ifbaiano.edu.br\/unidades\/santaines\/wp-json\/wp\/v2\/categories?post=11956"},{"taxonomy":"post_tag","embeddable":true,"href":"https:\/\/www.ifbaiano.edu.br\/unidades\/santaines\/wp-json\/wp\/v2\/tags?post=11956"}],"curies":[{"name":"wp","href":"https:\/\/api.w.org\/{rel}","templated":true}]}}