{"id":11959,"date":"2019-05-07T09:21:15","date_gmt":"2019-05-07T12:21:15","guid":{"rendered":"http:\/\/www.ifbaiano.edu.br\/unidades\/santaines\/?p=11959"},"modified":"2019-05-15T13:24:57","modified_gmt":"2019-05-15T16:24:57","slug":"if-baiano-campus-santa-ines-comemora-o-dia-do-zootecnista","status":"publish","type":"post","link":"https:\/\/www.ifbaiano.edu.br\/unidades\/santaines\/if-baiano-campus-santa-ines-comemora-o-dia-do-zootecnista\/","title":{"rendered":"IF Baiano Campus Santa In\u00eas comemora o dia do Zootecnista"},"content":{"rendered":"\n<p>Dia 13 de maio acontece, no IF Baiano Campus Santa In\u00eas, a comemora\u00e7\u00e3o ao dia do Zootecnista. O evento est\u00e1 programado para acontecer das 07h30min \u00e0s 18h na quadra poliesportiva do Campus.<\/p>\n\n\n\n<p>O tema abordado este ano ser\u00e1: Simplificando a Zootecnia.<\/p>\n\n\n\n<p>O objetivo do evento \u00e9 difundir, para a comunidade interna e externa, a import\u00e2ncia do Zootecnista no dia-a-dia e os desafios de ensinar Zootecnia no Campus.<\/p>\n\n\n\n<p>Palestra e momentos culturais fazem parte da programa\u00e7\u00e3o, al\u00e9m de um bolo comemorativo ao dia do Zootecnista.<\/p>\n\n\n\n<p>Veja a programa\u00e7\u00e3o:<\/p>\n\n\n\n<figure class=\"wp-block-image\"><img decoding=\"async\" loading=\"lazy\" width=\"720\" height=\"1280\" src=\"http:\/\/www.ifbaiano.edu.br\/unidades\/santaines\/files\/2019\/05\/Dia-do-Zootecnista.jpg\" alt=\"\" class=\"wp-image-11963\" \/><\/figure>\n","protected":false},"excerpt":{"rendered":"<p>Evento acontece dia 13\/05\/2019 na quadra poliesportiva do Campus<\/p>\n","protected":false},"author":86,"featured_media":11961,"comment_status":"closed","ping_status":"closed","sticky":false,"template":"","format":"standard","meta":[],"categories":[4,12,5,10,1,57],"tags":[],"_links":{"self":[{"href":"https:\/\/www.ifbaiano.edu.br\/unidades\/santaines\/wp-json\/wp\/v2\/posts\/11959"}],"collection":[{"href":"https:\/\/www.ifbaiano.edu.br\/unidades\/santaines\/wp-json\/wp\/v2\/posts"}],"about":[{"href":"https:\/\/www.ifbaiano.edu.br\/unidades\/santaines\/wp-json\/wp\/v2\/types\/post"}],"author":[{"embeddable":true,"href":"https:\/\/www.ifbaiano.edu.br\/unidades\/santaines\/wp-json\/wp\/v2\/users\/86"}],"replies":[{"embeddable":true,"href":"https:\/\/www.ifbaiano.edu.br\/unidades\/santaines\/wp-json\/wp\/v2\/comments?post=11959"}],"version-history":[{"count":4,"href":"https:\/\/www.ifbaiano.edu.br\/unidades\/santaines\/wp-json\/wp\/v2\/posts\/11959\/revisions"}],"predecessor-version":[{"id":11966,"href":"https:\/\/www.ifbaiano.edu.br\/unidades\/santaines\/wp-json\/wp\/v2\/posts\/11959\/revisions\/11966"}],"wp:featuredmedia":[{"embeddable":true,"href":"https:\/\/www.ifbaiano.edu.br\/unidades\/santaines\/wp-json\/wp\/v2\/media\/11961"}],"wp:attachment":[{"href":"https:\/\/www.ifbaiano.edu.br\/unidades\/santaines\/wp-json\/wp\/v2\/media?parent=11959"}],"wp:term":[{"taxonomy":"category","embeddable":true,"href":"https:\/\/www.ifbaiano.edu.br\/unidades\/santaines\/wp-json\/wp\/v2\/categories?post=11959"},{"taxonomy":"post_tag","embeddable":true,"href":"https:\/\/www.ifbaiano.edu.br\/unidades\/santaines\/wp-json\/wp\/v2\/tags?post=11959"}],"curies":[{"name":"wp","href":"https:\/\/api.w.org\/{rel}","templated":true}]}}