{"id":12001,"date":"2019-05-15T14:03:23","date_gmt":"2019-05-15T17:03:23","guid":{"rendered":"http:\/\/www.ifbaiano.edu.br\/unidades\/santaines\/?p=12001"},"modified":"2019-05-15T14:03:23","modified_gmt":"2019-05-15T17:03:23","slug":"if-baiano-participa-de-ato-em-defesa-das-universidades-e-institutos-federais-da-bahia","status":"publish","type":"post","link":"https:\/\/www.ifbaiano.edu.br\/unidades\/santaines\/if-baiano-participa-de-ato-em-defesa-das-universidades-e-institutos-federais-da-bahia\/","title":{"rendered":"IF Baiano participa de ato em defesa das universidades e institutos federais da Bahia"},"content":{"rendered":"\n<p>O reitor, A\u00e9cio Jos\u00e9 Duarte, e representantes do Instituto Federal Baiano (IF Baiano) participaram, na manh\u00e3 desta segunda-feira, 13, de um encontro com a frente parlamentar da Bahia durante o Ato em Defesa das universidades e institutos federais de educa\u00e7\u00e3o da Bahia.<br><\/p>\n\n\n\n<p>No in\u00edcio da manh\u00e3, reitores e dirigentes das universidades e institutos federais reuniram-se com parlamentares da bancada baiana para discutir os impactos da decis\u00e3o do Minist\u00e9rio da Educa\u00e7\u00e3o de bloquear 30% das verbas destinadas \u00e0s institui\u00e7\u00f5es. O encontro ocorreu na reitoria da Universidade Federal da Bahia (UFBA) e foi convocado pelo reitor, Jo\u00e3o Carlos Salles.\u00a0<\/p>\n\n\n\n<figure class=\"wp-block-image\"><img decoding=\"async\" loading=\"lazy\" width=\"1152\" height=\"864\" src=\"http:\/\/www.ifbaiano.edu.br\/unidades\/santaines\/files\/2019\/05\/frente-parlamentar.jpg\" alt=\"\" class=\"wp-image-12002\" \/><figcaption>Em iniciativa suprapartid\u00e1ria, frente parlamentar da Bahia manifesta apoio \u00e0s universidades e aos institutos federais de educa\u00e7\u00e3o.<\/figcaption><\/figure>\n\n\n\n<p> Marcou o momento, a entrega, pelas m\u00e3os do l\u00edder da bancada federal da Bahia, deputado Daniel Almeida, de uma carta assinada por 54 parlamentares que representam o estado. Segundo o deputado, a carta manifesta a iniciativa suprapartid\u00e1ria de defesa da educa\u00e7\u00e3o federal no \u00e2mbito estadual. \u201cA bancada da Bahia vem a p\u00fablico manifestar, unanimemente, contra qualquer retrocesso e em defesa das universidades, Institutos e da educa\u00e7\u00e3o p\u00fablica\u201d, diz trecho do documento.\u00a0 <\/p>\n\n\n\n<figure class=\"wp-block-image\"><img decoding=\"async\" loading=\"lazy\" width=\"1280\" height=\"720\" src=\"http:\/\/www.ifbaiano.edu.br\/unidades\/santaines\/files\/2019\/05\/431ff0c3-c79b-44dc-adcd-d1aa138a212f.jpg\" alt=\"\" class=\"wp-image-12003\" \/><figcaption> Pr\u00f3-reitora de Desenvolvimento Institucional, Hildonice Batista, fala, na ALBA, sobre os impactos do bloqueio de verbas para estudantes do IF Baiano. <br><\/figcaption><\/figure>\n\n\n\n<p> Em seguida, os parlamentares e dirigentes das institui\u00e7\u00f5es federais de educa\u00e7\u00e3o seguiram para a Assembleia Legislativa da Bahia (ALBA) para participar da sess\u00e3o especial \u201cAto em defesa das universidades e institutos federais e da democracia\u201d, presidida pela deputada estadual Ol\u00edvia Santana. Al\u00e9m das autoridades, a sess\u00e3o contou com as manifesta\u00e7\u00f5es de representantes de sindicatos, movimento estudantil e outras organiza\u00e7\u00f5es defensoras da educa\u00e7\u00e3o p\u00fablica federal na Bahia. <\/p>\n\n\n\n<p>Dispon\u00edvel em:  <br><a href=\"http:\/\/ifbaiano.edu.br\/portal\/blog\/2019\/05\/13\/if-baiano-participa-de-ato-em-defesa-das-universidades-e-institutos-federais-da-bahia\/\">http:\/\/ifbaiano.edu.br\/portal\/blog\/2019\/05\/13\/if-baiano-participa-de-ato-em-defesa-das-universidades-e-institutos-federais-da-bahia\/<\/a> <\/p>\n","protected":false},"excerpt":{"rendered":"<p>O reitor, A\u00e9cio Jos\u00e9 Duarte, e representantes do Instituto Federal Baiano (IF Baiano) participaram, na manh\u00e3 desta segunda-feira, 13, de um encontro com a frente parlamentar da Bahia durante o Ato em Defesa das universidades e institutos federais de educa\u00e7\u00e3o da Bahia. No in\u00edcio da manh\u00e3, reitores e dirigentes das universidades e institutos federais reuniram-se [&hellip;]<\/p>\n","protected":false},"author":86,"featured_media":0,"comment_status":"closed","ping_status":"closed","sticky":false,"template":"","format":"standard","meta":[],"categories":[4,10,1,57],"tags":[],"_links":{"self":[{"href":"https:\/\/www.ifbaiano.edu.br\/unidades\/santaines\/wp-json\/wp\/v2\/posts\/12001"}],"collection":[{"href":"https:\/\/www.ifbaiano.edu.br\/unidades\/santaines\/wp-json\/wp\/v2\/posts"}],"about":[{"href":"https:\/\/www.ifbaiano.edu.br\/unidades\/santaines\/wp-json\/wp\/v2\/types\/post"}],"author":[{"embeddable":true,"href":"https:\/\/www.ifbaiano.edu.br\/unidades\/santaines\/wp-json\/wp\/v2\/users\/86"}],"replies":[{"embeddable":true,"href":"https:\/\/www.ifbaiano.edu.br\/unidades\/santaines\/wp-json\/wp\/v2\/comments?post=12001"}],"version-history":[{"count":1,"href":"https:\/\/www.ifbaiano.edu.br\/unidades\/santaines\/wp-json\/wp\/v2\/posts\/12001\/revisions"}],"predecessor-version":[{"id":12005,"href":"https:\/\/www.ifbaiano.edu.br\/unidades\/santaines\/wp-json\/wp\/v2\/posts\/12001\/revisions\/12005"}],"wp:attachment":[{"href":"https:\/\/www.ifbaiano.edu.br\/unidades\/santaines\/wp-json\/wp\/v2\/media?parent=12001"}],"wp:term":[{"taxonomy":"category","embeddable":true,"href":"https:\/\/www.ifbaiano.edu.br\/unidades\/santaines\/wp-json\/wp\/v2\/categories?post=12001"},{"taxonomy":"post_tag","embeddable":true,"href":"https:\/\/www.ifbaiano.edu.br\/unidades\/santaines\/wp-json\/wp\/v2\/tags?post=12001"}],"curies":[{"name":"wp","href":"https:\/\/api.w.org\/{rel}","templated":true}]}}