{"id":12022,"date":"2019-05-17T11:25:59","date_gmt":"2019-05-17T14:25:59","guid":{"rendered":"http:\/\/www.ifbaiano.edu.br\/unidades\/santaines\/?p=12022"},"modified":"2019-05-22T14:48:26","modified_gmt":"2019-05-22T17:48:26","slug":"em-oficio-diretor-geral-do-campus-santa-ines-trata-de-contingenciamento-de-gastos","status":"publish","type":"post","link":"https:\/\/www.ifbaiano.edu.br\/unidades\/santaines\/em-oficio-diretor-geral-do-campus-santa-ines-trata-de-contingenciamento-de-gastos\/","title":{"rendered":"Em Of\u00edcio, diretor-geral trata de contingenciamento de gastos"},"content":{"rendered":"\n<p>No dia 16 de maio de 2019, o diretor-geral encaminhou of\u00edcio circular, para ci\u00eancia de toda a comunidade do Campus, sobre medidas que precisar\u00e3o ser adotadas de modo a conseguir viabilizar o funcionamento\/manuten\u00e7\u00e3o m\u00ednima das atividades acad\u00eamicas durante o corrente ano. O of\u00edcio aponta o contingenciamento de 30% do or\u00e7amento total, estabelecido pelo Decreto 9741\/2019, refletindo algo em torno de 1,8 milh\u00e3o de reais de contingenciamento no Campus.<\/p>\n\n\n\n<p>Diante disso e, priorizando a execu\u00e7\u00e3o e pagamento dos contratos indispens\u00e1veis ao funcionamento do Campus (\u00e1gua, energia el\u00e9trica, despesas com refeit\u00f3rio e terceirizados), s\u00e3o elencadas algumas medidas de racionaliza\u00e7\u00e3o e suspens\u00e3o de gastos que dever\u00e3o der adotadas por todos(as).<\/p>\n\n\n\n<p>A normalidade das atividades acad\u00eamicas, no \u00e2mbito do or\u00e7amento, est\u00e1 condicionada ao desbloqueio or\u00e7ament\u00e1rio. Neste sentido, a gest\u00e3o do Campus n\u00e3o medir\u00e1 esfor\u00e7os para buscar alternativas de modo a continuar ofertando melhores condi\u00e7\u00f5es para a comunidade do Instituto Federal Baiano.<\/p>\n\n\n\n<p><strong><a href=\"http:\/\/www.ifbaiano.edu.br\/unidades\/santaines\/files\/2019\/05\/Of\u00edcio-Circular-N\u00ba-017-Contingenciamento-Or\u00e7ament\u00e1rio.pdf\">CLIQUE AQUI para ver o of\u00edcio na \u00edntegra.<\/a><\/strong><\/p>\n","protected":false},"excerpt":{"rendered":"<p>O of\u00edcio foi encaminhado dia 16 de maio de 2019 para ci\u00eancia de toda a comunidade do Campus<\/p>\n","protected":false},"author":86,"featured_media":12024,"comment_status":"closed","ping_status":"closed","sticky":false,"template":"","format":"standard","meta":[],"categories":[4,5,7,10,57],"tags":[],"_links":{"self":[{"href":"https:\/\/www.ifbaiano.edu.br\/unidades\/santaines\/wp-json\/wp\/v2\/posts\/12022"}],"collection":[{"href":"https:\/\/www.ifbaiano.edu.br\/unidades\/santaines\/wp-json\/wp\/v2\/posts"}],"about":[{"href":"https:\/\/www.ifbaiano.edu.br\/unidades\/santaines\/wp-json\/wp\/v2\/types\/post"}],"author":[{"embeddable":true,"href":"https:\/\/www.ifbaiano.edu.br\/unidades\/santaines\/wp-json\/wp\/v2\/users\/86"}],"replies":[{"embeddable":true,"href":"https:\/\/www.ifbaiano.edu.br\/unidades\/santaines\/wp-json\/wp\/v2\/comments?post=12022"}],"version-history":[{"count":3,"href":"https:\/\/www.ifbaiano.edu.br\/unidades\/santaines\/wp-json\/wp\/v2\/posts\/12022\/revisions"}],"predecessor-version":[{"id":12028,"href":"https:\/\/www.ifbaiano.edu.br\/unidades\/santaines\/wp-json\/wp\/v2\/posts\/12022\/revisions\/12028"}],"wp:featuredmedia":[{"embeddable":true,"href":"https:\/\/www.ifbaiano.edu.br\/unidades\/santaines\/wp-json\/wp\/v2\/media\/12024"}],"wp:attachment":[{"href":"https:\/\/www.ifbaiano.edu.br\/unidades\/santaines\/wp-json\/wp\/v2\/media?parent=12022"}],"wp:term":[{"taxonomy":"category","embeddable":true,"href":"https:\/\/www.ifbaiano.edu.br\/unidades\/santaines\/wp-json\/wp\/v2\/categories?post=12022"},{"taxonomy":"post_tag","embeddable":true,"href":"https:\/\/www.ifbaiano.edu.br\/unidades\/santaines\/wp-json\/wp\/v2\/tags?post=12022"}],"curies":[{"name":"wp","href":"https:\/\/api.w.org\/{rel}","templated":true}]}}