{"id":12031,"date":"2019-05-22T14:47:57","date_gmt":"2019-05-22T17:47:57","guid":{"rendered":"http:\/\/www.ifbaiano.edu.br\/unidades\/santaines\/?p=12031"},"modified":"2019-05-28T08:10:09","modified_gmt":"2019-05-28T11:10:09","slug":"if-baiano-abre-1320-vagas-para-curso-tecnico-ead-em-vendas","status":"publish","type":"post","link":"https:\/\/www.ifbaiano.edu.br\/unidades\/santaines\/if-baiano-abre-1320-vagas-para-curso-tecnico-ead-em-vendas\/","title":{"rendered":"IF Baiano abre 1320 vagas para curso t\u00e9cnico EaD em Vendas"},"content":{"rendered":"\n<p>Abrem, nesta sexta-feira (24), as inscri\u00e7\u00f5es para 1320 vagas no curso t\u00e9cnico subsequente de Vendas, modalidade Educa\u00e7\u00e3o a Dist\u00e2ncia. As vagas s\u00e3o distribu\u00eddas em 33 campi e polos de apoio presencial, em diferentes munic\u00edpios do estado da Bahia. As inscri\u00e7\u00f5es s\u00e3o gratuitas e podem ser feitas online, a partir do dia 24, atrav\u00e9s do link:&nbsp;<a rel=\"noreferrer noopener\" href=\"http:\/\/opinanovo.ifbaiano.edu.br\/index.php\/141534?lang=pt-BR\" target=\"_blank\">http:\/\/opinanovo.ifbaiano.edu.br\/index.php\/141534?lang=pt-BR<\/a>. O prazo para inscri\u00e7\u00e3o encerra no dia 06 de junho.<\/p>\n\n\n\n<p>O curso t\u00e9cnico em Vendas objetiva formar profissionais com as habilidades e conhecimentos necess\u00e1rios para atua\u00e7\u00e3o no mundo do trabalho, dominando as compet\u00eancias para o exerc\u00edcio profissional de t\u00e9cnico em Vendas, com vistas \u00e0 sustentabilidade dos empreendimentos, convergindo para o desenvolvimento socioecon\u00f4mico local e regional. \u00c9 prerrequisito para participar da sele\u00e7\u00e3o ter conclu\u00eddo o Ensino M\u00e9dio. O processo de sele\u00e7\u00e3o oferece tr\u00eas sistemas de vagas: ampla concorr\u00eancia (25%), reserva de vagas para estudantes oriundos de escolas p\u00fablicas (70%) e reserva de vagas para pessoas com defici\u00eancia (5%). No edital, os candidatos podem conferir informa\u00e7\u00f5es detalhadas sobre inscri\u00e7\u00f5es, matr\u00edcula e documenta\u00e7\u00e3o necess\u00e1ria.<\/p>\n\n\n\n<p>Os interessados devem estar atentos ao local de escolha da vaga, pois, embora majoritariamente a dist\u00e2ncia, o curso possui encontros presenciais nos polos ou campi indicados. Segundo Ant\u00f4nio Carlos da Silva Costa, diretor de Educa\u00e7\u00e3o a Dist\u00e2ncia, o curso vem com a novidade de ter enxugado sua carga hor\u00e1ria de tr\u00eas semestres para dois.<\/p>\n\n\n\n<p>Na \u00faltima sexta-feira (17), o IF Baiano realizou a formatura da primeira turma do curso de Vendas. Segundo Ant\u00f4nio Carlos, 75% da turma est\u00e1 trabalhando na \u00e1rea e, aproximadamente, 50% desses alunos passaram a trabalhar com vendas depois que conclu\u00edram o curso. \u201cPara mim, essas estat\u00edsticas falam por si s\u00f3 a respeito da import\u00e2ncia que esse curso tem para o desenvolvimento da cidade de Salvador e regi\u00e3o\u201d, afirma Ant\u00f4nio Carlos.<\/p>\n","protected":false},"excerpt":{"rendered":"<p>Inscri\u00e7\u00f5es iniciam nesta sexta-feira (24)<\/p>\n","protected":false},"author":86,"featured_media":12032,"comment_status":"closed","ping_status":"closed","sticky":false,"template":"","format":"standard","meta":[],"categories":[4,5,10,8,57],"tags":[],"_links":{"self":[{"href":"https:\/\/www.ifbaiano.edu.br\/unidades\/santaines\/wp-json\/wp\/v2\/posts\/12031"}],"collection":[{"href":"https:\/\/www.ifbaiano.edu.br\/unidades\/santaines\/wp-json\/wp\/v2\/posts"}],"about":[{"href":"https:\/\/www.ifbaiano.edu.br\/unidades\/santaines\/wp-json\/wp\/v2\/types\/post"}],"author":[{"embeddable":true,"href":"https:\/\/www.ifbaiano.edu.br\/unidades\/santaines\/wp-json\/wp\/v2\/users\/86"}],"replies":[{"embeddable":true,"href":"https:\/\/www.ifbaiano.edu.br\/unidades\/santaines\/wp-json\/wp\/v2\/comments?post=12031"}],"version-history":[{"count":2,"href":"https:\/\/www.ifbaiano.edu.br\/unidades\/santaines\/wp-json\/wp\/v2\/posts\/12031\/revisions"}],"predecessor-version":[{"id":12034,"href":"https:\/\/www.ifbaiano.edu.br\/unidades\/santaines\/wp-json\/wp\/v2\/posts\/12031\/revisions\/12034"}],"wp:featuredmedia":[{"embeddable":true,"href":"https:\/\/www.ifbaiano.edu.br\/unidades\/santaines\/wp-json\/wp\/v2\/media\/12032"}],"wp:attachment":[{"href":"https:\/\/www.ifbaiano.edu.br\/unidades\/santaines\/wp-json\/wp\/v2\/media?parent=12031"}],"wp:term":[{"taxonomy":"category","embeddable":true,"href":"https:\/\/www.ifbaiano.edu.br\/unidades\/santaines\/wp-json\/wp\/v2\/categories?post=12031"},{"taxonomy":"post_tag","embeddable":true,"href":"https:\/\/www.ifbaiano.edu.br\/unidades\/santaines\/wp-json\/wp\/v2\/tags?post=12031"}],"curies":[{"name":"wp","href":"https:\/\/api.w.org\/{rel}","templated":true}]}}