{"id":12038,"date":"2019-05-24T15:47:55","date_gmt":"2019-05-24T18:47:55","guid":{"rendered":"http:\/\/www.ifbaiano.edu.br\/unidades\/santaines\/?p=12038"},"modified":"2019-05-24T15:47:55","modified_gmt":"2019-05-24T18:47:55","slug":"cepe-empossa-membros-do-bienio-2019-2021","status":"publish","type":"post","link":"https:\/\/www.ifbaiano.edu.br\/unidades\/santaines\/cepe-empossa-membros-do-bienio-2019-2021\/","title":{"rendered":"CEPE empossa membros do bi\u00eanio 2019-2021"},"content":{"rendered":"\n<p>Os novos membros do Conselho de Ensino, Pesquisa e Extens\u00e3o (CEPE), eleitos em abril deste ano para o bi\u00eanio 2019-2021, foram empossados em cerim\u00f4nia realizada na Reitoria do IF Baiano na \u00faltima ter\u00e7a-feira (21). Ap\u00f3s a posse, o Conselho elegeu o presidente, Rafael Oliva Trocoli, e a vice-presidente Hildonice de Souza Batista.<\/p>\n\n\n\n<p>O novo CEPE conta com 15 membros que atuar\u00e3o de acordo com um\u00a0<strong><a href=\"http:\/\/ifbaiano.edu.br\/portal\/wp-content\/uploads\/2019\/03\/Resolu%C3%A7%C3%A3o-14-2019_-Anexo-Regimento-do-CEPE.pdf\">regimento rec\u00e9m-aprovado<\/a><\/strong>. O presidente do Conselho destaca que o novo regimento trouxe para o CEPE uma composi\u00e7\u00e3o ainda mais ampla, incluindo, entre os membros, a representa\u00e7\u00e3o de egressos. Outra mudan\u00e7a importante, explica Rafael Trocoli, \u00e9 que o Conselho passa a ser tamb\u00e9m deliberativo e n\u00e3o apenas consultivo. \u201cIsso \u00e9 importante, porque, ap\u00f3s passar pelo CEPE, os processos chegam ao Consup filtrados de alguns pontos que poderiam ser revistos anteriormente e podem ser analisados pelo Conselho Superior de forma mais conclusiva, portanto, mais c\u00e9lere\u201d, explica.<\/p>\n\n\n\n<figure class=\"wp-block-image\"><img decoding=\"async\" loading=\"lazy\" width=\"4032\" height=\"1960\" src=\"http:\/\/www.ifbaiano.edu.br\/unidades\/santaines\/files\/2019\/05\/20190521_085538-1.jpg\" alt=\"\" class=\"wp-image-12042\" \/><\/figure>\n\n\n\n<figure class=\"wp-block-image\"><img decoding=\"async\" loading=\"lazy\" width=\"4032\" height=\"1960\" src=\"http:\/\/www.ifbaiano.edu.br\/unidades\/santaines\/files\/2019\/05\/20190521_085803-1.jpg\" alt=\"\" class=\"wp-image-12043\" \/><\/figure>\n\n\n\n<figure class=\"wp-block-image\"><img decoding=\"async\" loading=\"lazy\" width=\"4032\" height=\"1960\" src=\"http:\/\/www.ifbaiano.edu.br\/unidades\/santaines\/files\/2019\/05\/20190521_090020-1.jpg\" alt=\"\" class=\"wp-image-12044\" \/><\/figure>\n\n\n\n<p><strong>Voc\u00ea sabe o que \u00e9 o CEPE?<\/strong><\/p>\n\n\n\n<p>O Conselho de Ensino, Pesquisa e Extens\u00e3o (CEPE) \u00e9 o \u00f3rg\u00e3o consultivo e deliberativo que trata da organiza\u00e7\u00e3o e do funcionamento da \u00e1rea acad\u00eamica nos aspectos t\u00e9cnicos, did\u00e1ticos e cient\u00edficos, com fun\u00e7\u00f5es indissoci\u00e1veis nas \u00e1reas de ensino, de pesquisa e de extens\u00e3o. Para o presidente do CEPE, Rafael Tricoli, o papel do \u00f3rg\u00e3o \u00e9 dar suporte aos processos relativos das tr\u00eas grandes \u00e1reas do Instituto, somando \u00e0s pol\u00edticas, regulamentos, regimentos e editais, suas contribui\u00e7\u00f5es.<\/p>\n\n\n\n<p><a href=\"http:\/\/ifbaiano.edu.br\/portal\/wp-content\/uploads\/2019\/05\/PORTARIA-813_2019-RET-GAB_RET_IFBAIANO-1.pdf\">Confira a lista dos membros empossados<\/a><\/p>\n","protected":false},"excerpt":{"rendered":"<p>Os novos membros do Conselho de Ensino, Pesquisa e Extens\u00e3o (CEPE), eleitos em abril deste ano para o bi\u00eanio 2019-2021, foram empossados em cerim\u00f4nia realizada na Reitoria do IF Baiano na \u00faltima ter\u00e7a-feira (21). Ap\u00f3s a posse, o Conselho elegeu o presidente, Rafael Oliva Trocoli, e a vice-presidente Hildonice de Souza Batista. O novo CEPE [&hellip;]<\/p>\n","protected":false},"author":86,"featured_media":12044,"comment_status":"closed","ping_status":"closed","sticky":false,"template":"","format":"standard","meta":[],"categories":[4,10,57],"tags":[],"_links":{"self":[{"href":"https:\/\/www.ifbaiano.edu.br\/unidades\/santaines\/wp-json\/wp\/v2\/posts\/12038"}],"collection":[{"href":"https:\/\/www.ifbaiano.edu.br\/unidades\/santaines\/wp-json\/wp\/v2\/posts"}],"about":[{"href":"https:\/\/www.ifbaiano.edu.br\/unidades\/santaines\/wp-json\/wp\/v2\/types\/post"}],"author":[{"embeddable":true,"href":"https:\/\/www.ifbaiano.edu.br\/unidades\/santaines\/wp-json\/wp\/v2\/users\/86"}],"replies":[{"embeddable":true,"href":"https:\/\/www.ifbaiano.edu.br\/unidades\/santaines\/wp-json\/wp\/v2\/comments?post=12038"}],"version-history":[{"count":1,"href":"https:\/\/www.ifbaiano.edu.br\/unidades\/santaines\/wp-json\/wp\/v2\/posts\/12038\/revisions"}],"predecessor-version":[{"id":12045,"href":"https:\/\/www.ifbaiano.edu.br\/unidades\/santaines\/wp-json\/wp\/v2\/posts\/12038\/revisions\/12045"}],"wp:featuredmedia":[{"embeddable":true,"href":"https:\/\/www.ifbaiano.edu.br\/unidades\/santaines\/wp-json\/wp\/v2\/media\/12044"}],"wp:attachment":[{"href":"https:\/\/www.ifbaiano.edu.br\/unidades\/santaines\/wp-json\/wp\/v2\/media?parent=12038"}],"wp:term":[{"taxonomy":"category","embeddable":true,"href":"https:\/\/www.ifbaiano.edu.br\/unidades\/santaines\/wp-json\/wp\/v2\/categories?post=12038"},{"taxonomy":"post_tag","embeddable":true,"href":"https:\/\/www.ifbaiano.edu.br\/unidades\/santaines\/wp-json\/wp\/v2\/tags?post=12038"}],"curies":[{"name":"wp","href":"https:\/\/api.w.org\/{rel}","templated":true}]}}