{"id":12048,"date":"2019-06-10T14:40:37","date_gmt":"2019-06-10T17:40:37","guid":{"rendered":"http:\/\/www.ifbaiano.edu.br\/unidades\/santaines\/?p=12048"},"modified":"2019-06-10T14:43:51","modified_gmt":"2019-06-10T17:43:51","slug":"iii-semana-de-geografia-no-campus-santa-ines-recebe-trabalhos-ate-7-de-junho","status":"publish","type":"post","link":"https:\/\/www.ifbaiano.edu.br\/unidades\/santaines\/iii-semana-de-geografia-no-campus-santa-ines-recebe-trabalhos-ate-7-de-junho\/","title":{"rendered":"Prorrogado! III Semana de Geografia no Campus Santa In\u00eas recebe trabalhos at\u00e9 30 de junho"},"content":{"rendered":"\n<p>Interessados em participar da <strong>III Semana de Geografia do Instituto Federal Baiano Santa In\u00eas<\/strong> t\u00eam 30 de junho para submeter trabalhos. O evento, que vai abordar o pensar e o ser do professor de Geografia na atualidade<strong>,<\/strong>&nbsp;ser\u00e1 realizado entre os dias 31 de julho e 3 de agosto.<\/p>\n\n\n\n<p>Ser\u00e3o aceitos trabalhos na forma de resumo simples, que devem resultar de pesquisas (conclu\u00eddas ou em andamento) e\/ou de relatos de experi\u00eancias dentro dos eixos tem\u00e1ticos do evento e seguir as <strong><a href=\"http:\/\/www.ifbaiano.edu.br\/unidades\/santaines\/files\/2019\/06\/ALTERA\u00c7\u00d5ES-NAS-NORMAS-DE-SUBMISS\u00c3O-Geografia-Normas-submiss\u00e3o.pdf\">Normas de submiss\u00e3o<\/a><\/strong> da III Semana Geografia e o <strong><a rel=\"noreferrer noopener\" aria-label=\" (abre numa nova aba)\" href=\"http:\/\/ifbaiano.edu.br\/portal\/wp-content\/uploads\/2019\/05\/III-Semana-Geografia-Modelo-Resumo.docx\" target=\"_blank\">Modelo de resumo para submiss\u00e3o<\/a><\/strong>. Os trabalhos inscritos\/apresentados ser\u00e3o publicados nos anais da III Semana Geografia do IF Baiano <em>Campus <\/em>Santa In\u00eas.<\/p>\n\n\n\n<p>J\u00e1\nem sua terceira edi\u00e7\u00e3o, a Semana de Geografia do IF Baiano <em>Campus\n<\/em>Santa\nIn\u00eas tem a proposta de ser um um espa\u00e7o de discuss\u00e3o sobre o\nensino e a aprendizagem de Geografia e do compartilhamento de\nexperi\u00eancias ligadas \u00e0 atua\u00e7\u00e3o docente visando o aperfei\u00e7oamento\nda forma\u00e7\u00e3o acad\u00eamica dos estudantes da Licenciatura da\ninstitui\u00e7\u00e3o e dos professores que atuam na Educa\u00e7\u00e3o B\u00e1sica nas\nescolas do Territ\u00f3rio de Identidade Vale do Jiquiri\u00e7\u00e1.<\/p>\n\n\n\n<p>\nO\nevento \u00e9 voltado para a troca de saberes entre licenciandos,\negressos, professores e demais profissionais da Geografia e \u00e1reas\nafins que trabalham em institui\u00e7\u00f5es que ofertam Educa\u00e7\u00e3o B\u00e1sica\nno Territ\u00f3rio de Identidade Vale do Jiquiri\u00e7\u00e1.<\/p>\n\n\n\n<p>Segundo comiss\u00e3o organizadora, a Semana pretende promover reflex\u00f5es sobre o pensar e o ser do professor de Geografia na atualidade, colocando em pauta um debate fecundo e necess\u00e1rio. \u201c\u00c9 fundamental um processo reflexivo sobre a pr\u00e1tica docente e a import\u00e2ncia da Geografia como instrumento de forma\u00e7\u00e3o para a cidadania, principalmente enquanto componente curricular que problematiza a forma\u00e7\u00e3o socioespacial, a produ\u00e7\u00e3o\/reprodu\u00e7\u00e3o do espa\u00e7o e as investidas do capital financeiro nacional\/internacional em sua \u00e2nsia por transformar tudo em mercadoria, inclusive a educa\u00e7\u00e3o\u201d, destaca a organizadora do evento e docente do IF Baiano, Aline Lima.<\/p>\n\n\n\n<p>Na <strong><a href=\"http:\/\/ifbaiano.edu.br\/portal\/wp-content\/uploads\/2019\/05\/III-Semana-Geografia-Programa%C3%A7%C3%A3o-1.docx\" target=\"_blank\" rel=\"noreferrer noopener\" aria-label=\" (abre numa nova aba)\">programa\u00e7\u00e3o<\/a><\/strong>, est\u00e3o previstas as seguintes atividades: Mesa de Abertura com palestra sobre o tema Mesa de abertura \u201cA conjuntura atual e a profissionaliza\u00e7\u00e3o docente nas ci\u00eancias humanas e na Geografia\u201d, Apresenta\u00e7\u00f5es de Trabalhos (nos eixos tem\u00e1ticos Geografia e Educa\u00e7\u00e3o, Geografia F\u00edsica, Geografia Humana e Geografia, ra\u00e7a, g\u00eanero e sexualidades), grupo de discuss\u00e3o sobre a forma\u00e7\u00e3o do professor de Geografia e a experi\u00eancia no IF Baiano&nbsp;<em>Campus<\/em>&nbsp;Santa In\u00eas, e Lan\u00e7amento do caderno \u201cConflitos no Campo\u201d.<\/p>\n\n\n\n<p>Para\nparticipar as atividades do evento, fa\u00e7a a inscri\u00e7\u00e3o <a href=\"https:\/\/docs.google.com\/forms\/d\/e\/1FAIpQLSdk5bdzzSQYTfwbRO3YwnGgJwuFhgNfHfjYeZe5xnhnvCv8Qg\/viewform\"><strong>aqui<\/strong><\/a>.<\/p>\n","protected":false},"excerpt":{"rendered":"<p>Evento ser\u00e1 realizado entre os dias 31 de julho e 3 de agosto<\/p>\n","protected":false},"author":74,"featured_media":12050,"comment_status":"closed","ping_status":"closed","sticky":false,"template":"","format":"standard","meta":[],"categories":[4,37,10,57],"tags":[],"_links":{"self":[{"href":"https:\/\/www.ifbaiano.edu.br\/unidades\/santaines\/wp-json\/wp\/v2\/posts\/12048"}],"collection":[{"href":"https:\/\/www.ifbaiano.edu.br\/unidades\/santaines\/wp-json\/wp\/v2\/posts"}],"about":[{"href":"https:\/\/www.ifbaiano.edu.br\/unidades\/santaines\/wp-json\/wp\/v2\/types\/post"}],"author":[{"embeddable":true,"href":"https:\/\/www.ifbaiano.edu.br\/unidades\/santaines\/wp-json\/wp\/v2\/users\/74"}],"replies":[{"embeddable":true,"href":"https:\/\/www.ifbaiano.edu.br\/unidades\/santaines\/wp-json\/wp\/v2\/comments?post=12048"}],"version-history":[{"count":4,"href":"https:\/\/www.ifbaiano.edu.br\/unidades\/santaines\/wp-json\/wp\/v2\/posts\/12048\/revisions"}],"predecessor-version":[{"id":12157,"href":"https:\/\/www.ifbaiano.edu.br\/unidades\/santaines\/wp-json\/wp\/v2\/posts\/12048\/revisions\/12157"}],"wp:featuredmedia":[{"embeddable":true,"href":"https:\/\/www.ifbaiano.edu.br\/unidades\/santaines\/wp-json\/wp\/v2\/media\/12050"}],"wp:attachment":[{"href":"https:\/\/www.ifbaiano.edu.br\/unidades\/santaines\/wp-json\/wp\/v2\/media?parent=12048"}],"wp:term":[{"taxonomy":"category","embeddable":true,"href":"https:\/\/www.ifbaiano.edu.br\/unidades\/santaines\/wp-json\/wp\/v2\/categories?post=12048"},{"taxonomy":"post_tag","embeddable":true,"href":"https:\/\/www.ifbaiano.edu.br\/unidades\/santaines\/wp-json\/wp\/v2\/tags?post=12048"}],"curies":[{"name":"wp","href":"https:\/\/api.w.org\/{rel}","templated":true}]}}