{"id":12055,"date":"2019-06-03T16:56:08","date_gmt":"2019-06-03T19:56:08","guid":{"rendered":"http:\/\/www.ifbaiano.edu.br\/unidades\/santaines\/?p=12055"},"modified":"2019-06-03T16:58:53","modified_gmt":"2019-06-03T19:58:53","slug":"publicado-edital-de-matriculas-para-curso-tecnico-em-informatica","status":"publish","type":"post","link":"https:\/\/www.ifbaiano.edu.br\/unidades\/santaines\/publicado-edital-de-matriculas-para-curso-tecnico-em-informatica\/","title":{"rendered":"Publicado Edital de Matr\u00edculas para Curso T\u00e9cnico em Inform\u00e1tica"},"content":{"rendered":"\n<p>No per\u00edodo de <strong>03 a 05 de junho de 2019<\/strong> est\u00e3o abertas as matr\u00edculas para os candidatos aprovados no Processo Seletivo para Ingresso de Estudantes   em   2019.2,   visando   o   preenchimento   de   vagas   no   Curso   T\u00e9cnico   em   Inform\u00e1tica &#8211; Subsequente  . <\/p>\n\n\n\n<p>As matr\u00edculas ser\u00e3o realizadas na Secretaria de Registros Acad\u00eamicos &#8211;  <br>SRA, no Campus Santa In\u00eas, situada no endere\u00e7o: Rodovia BR 420 \u2013 KM 2,5\u2013 Santa In\u00eas\/Uba\u00edra- Telefone: (73)3536-1210 \u2013 Ramal 109 <\/p>\n\n\n\n<p>O candidato classificado dever\u00e1 estar atento \u00e0s datas e hor\u00e1rios para matr\u00edcula, a fim de n\u00e3o perder o   prazo,   caso   contr\u00e1rio,   o   classificado   que   n\u00e3o   comparecer   para   a   matr\u00edcula   nos   prazos   determinados perder\u00e1 o direito \u00e0 vaga. <\/p>\n\n\n\n<p>Todos os procedimentos necess\u00e1rios para a matr\u00edcula, bem como, documentos necess\u00e1rios est\u00e3o dispon\u00edveis no <a href=\"http:\/\/concurso.ifbaiano.edu.br\/portal\/ingresso-de-estudantes-2019-2\/wp-content\/uploads\/sites\/248\/2019\/05\/Edital-de-Matr%C3%ADcula-Inform%C3%A1tica-Subsequente-SANTA-IN%C3%8AS.pdf\">Edital de Matr\u00edculas<\/a>. <\/p>\n\n\n\n<p>Para saber mais sobre o Processo Seletivo <strong><a href=\"http:\/\/concurso.ifbaiano.edu.br\/portal\/ingresso-de-estudantes-2019-2\/\">CLIQUE AQUI<\/a><\/strong><\/p>\n\n\n\n<figure class=\"wp-block-image\"><img decoding=\"async\" loading=\"lazy\" width=\"1000\" height=\"1000\" src=\"http:\/\/www.ifbaiano.edu.br\/unidades\/santaines\/files\/2019\/05\/ingresso-estudante-santa-ines-junho-card-2019.png\" alt=\"\" class=\"wp-image-12056\" \/><\/figure>\n","protected":false},"excerpt":{"rendered":"<p>No per\u00edodo de 03 a 05 de junho de 2019 est\u00e3o abertas as matr\u00edculas para os candidatos aprovados no Processo Seletivo para Ingresso de Estudantes em 2019.2, visando o preenchimento de vagas no Curso T\u00e9cnico em Inform\u00e1tica &#8211; Subsequente . As matr\u00edculas ser\u00e3o realizadas na Secretaria de Registros Acad\u00eamicos &#8211; SRA, no Campus Santa In\u00eas, [&hellip;]<\/p>\n","protected":false},"author":86,"featured_media":11840,"comment_status":"closed","ping_status":"closed","sticky":false,"template":"","format":"standard","meta":[],"categories":[4,13,10,8,57],"tags":[],"_links":{"self":[{"href":"https:\/\/www.ifbaiano.edu.br\/unidades\/santaines\/wp-json\/wp\/v2\/posts\/12055"}],"collection":[{"href":"https:\/\/www.ifbaiano.edu.br\/unidades\/santaines\/wp-json\/wp\/v2\/posts"}],"about":[{"href":"https:\/\/www.ifbaiano.edu.br\/unidades\/santaines\/wp-json\/wp\/v2\/types\/post"}],"author":[{"embeddable":true,"href":"https:\/\/www.ifbaiano.edu.br\/unidades\/santaines\/wp-json\/wp\/v2\/users\/86"}],"replies":[{"embeddable":true,"href":"https:\/\/www.ifbaiano.edu.br\/unidades\/santaines\/wp-json\/wp\/v2\/comments?post=12055"}],"version-history":[{"count":2,"href":"https:\/\/www.ifbaiano.edu.br\/unidades\/santaines\/wp-json\/wp\/v2\/posts\/12055\/revisions"}],"predecessor-version":[{"id":12058,"href":"https:\/\/www.ifbaiano.edu.br\/unidades\/santaines\/wp-json\/wp\/v2\/posts\/12055\/revisions\/12058"}],"wp:featuredmedia":[{"embeddable":true,"href":"https:\/\/www.ifbaiano.edu.br\/unidades\/santaines\/wp-json\/wp\/v2\/media\/11840"}],"wp:attachment":[{"href":"https:\/\/www.ifbaiano.edu.br\/unidades\/santaines\/wp-json\/wp\/v2\/media?parent=12055"}],"wp:term":[{"taxonomy":"category","embeddable":true,"href":"https:\/\/www.ifbaiano.edu.br\/unidades\/santaines\/wp-json\/wp\/v2\/categories?post=12055"},{"taxonomy":"post_tag","embeddable":true,"href":"https:\/\/www.ifbaiano.edu.br\/unidades\/santaines\/wp-json\/wp\/v2\/tags?post=12055"}],"curies":[{"name":"wp","href":"https:\/\/api.w.org\/{rel}","templated":true}]}}