{"id":12066,"date":"2019-06-03T16:51:22","date_gmt":"2019-06-03T19:51:22","guid":{"rendered":"http:\/\/www.ifbaiano.edu.br\/unidades\/santaines\/?p=12066"},"modified":"2019-06-03T16:54:29","modified_gmt":"2019-06-03T19:54:29","slug":"inscricoes-para-cursos-de-graduacao-via-sisu-comecam-dia-4","status":"publish","type":"post","link":"https:\/\/www.ifbaiano.edu.br\/unidades\/santaines\/inscricoes-para-cursos-de-graduacao-via-sisu-comecam-dia-4\/","title":{"rendered":"Inscri\u00e7\u00f5es para cursos de gradua\u00e7\u00e3o via SiSU come\u00e7am dia 4"},"content":{"rendered":"\n<p>Tem interesse em cursar gradua\u00e7\u00e3o no IF Baiano? A forma de ingresso em cursos de bacharelado, licenciatura e tecnologia do Instituto \u00e9 via Sistema de Sele\u00e7\u00e3o Unificada (SiSU). De 4 a 7 de junho, as inscri\u00e7\u00f5es para 200 vagas em cursos de gradua\u00e7\u00e3o estar\u00e3o abertas e devem ser feitas exclusivamente no&nbsp;<a href=\"http:\/\/sisu.mec.gov.br\/\">site do SiSU<\/a>.<\/p>\n\n\n\n<p>As vagas s\u00e3o para cursos de gradua\u00e7\u00e3o em Engenharia Agron\u00f4mica, Biologia, Geografia, Zootecnia, Ci\u00eancias Biol\u00f3gicas e ser\u00e3o ofertadas nos&nbsp;<em>campi<\/em>do IF Baiano em Bom Jesus da Lapa, Santa In\u00eas e Valen\u00e7a. Informa\u00e7\u00f5es detalhadas sobre os cursos podem ser consultadas no Anexo I do<strong>&nbsp;Edital 61\/2019<\/strong>, dispon\u00edvel&nbsp;<a href=\"http:\/\/concurso.ifbaiano.edu.br\/portal\/sisu20192\/\">nesta p\u00e1gina<\/a>.<\/p>\n\n\n\n<p>Podem concorrer \u00e0s vagas estudantes que tenham feito todas as provas do Exame Nacional do Ensino M\u00e9dio (<a href=\"https:\/\/enem.inep.gov.br\/\">Enem<\/a>) em 2018 e tenham obtido pelo menos 300 pontos na reda\u00e7\u00e3o. Al\u00e9m disso, \u00e9 obrigat\u00f3rio ter ensino m\u00e9dio completo. Todas as exig\u00eancias est\u00e3o detalhadas no edital. No ato da inscri\u00e7\u00e3o, o candidato deve informar se deseja participar por ampla concorr\u00eancia ou pelo sistema de cotas para escolas p\u00fablicas.<\/p>\n\n\n\n<p>A chamada \u00fanica dos candidatos classificados ser\u00e1 divulgada no dia 10 de junho de 2019 no<a href=\"http:\/\/sisu.mec.gov.br\/\">&nbsp;endere\u00e7o eletr\u00f4nico do SiSU<\/a>&nbsp;e nos&nbsp;<em>campi&nbsp;<\/em>que oferecem vagas. Caso ainda existam vagas em aberto, ap\u00f3s a chamada \u00fanica, ser\u00e1 realizada uma reuni\u00e3o com todos os candidatos restantes da Lista de Espera, para preenchimento das vagas.<\/p>\n","protected":false},"excerpt":{"rendered":"<p>Inscri\u00e7\u00f5es de 4 a 7 de junho no site do SiSU.<\/p>\n","protected":false},"author":86,"featured_media":12067,"comment_status":"closed","ping_status":"closed","sticky":false,"template":"","format":"standard","meta":[],"categories":[4,12,5,10,8,57],"tags":[],"_links":{"self":[{"href":"https:\/\/www.ifbaiano.edu.br\/unidades\/santaines\/wp-json\/wp\/v2\/posts\/12066"}],"collection":[{"href":"https:\/\/www.ifbaiano.edu.br\/unidades\/santaines\/wp-json\/wp\/v2\/posts"}],"about":[{"href":"https:\/\/www.ifbaiano.edu.br\/unidades\/santaines\/wp-json\/wp\/v2\/types\/post"}],"author":[{"embeddable":true,"href":"https:\/\/www.ifbaiano.edu.br\/unidades\/santaines\/wp-json\/wp\/v2\/users\/86"}],"replies":[{"embeddable":true,"href":"https:\/\/www.ifbaiano.edu.br\/unidades\/santaines\/wp-json\/wp\/v2\/comments?post=12066"}],"version-history":[{"count":1,"href":"https:\/\/www.ifbaiano.edu.br\/unidades\/santaines\/wp-json\/wp\/v2\/posts\/12066\/revisions"}],"predecessor-version":[{"id":12068,"href":"https:\/\/www.ifbaiano.edu.br\/unidades\/santaines\/wp-json\/wp\/v2\/posts\/12066\/revisions\/12068"}],"wp:featuredmedia":[{"embeddable":true,"href":"https:\/\/www.ifbaiano.edu.br\/unidades\/santaines\/wp-json\/wp\/v2\/media\/12067"}],"wp:attachment":[{"href":"https:\/\/www.ifbaiano.edu.br\/unidades\/santaines\/wp-json\/wp\/v2\/media?parent=12066"}],"wp:term":[{"taxonomy":"category","embeddable":true,"href":"https:\/\/www.ifbaiano.edu.br\/unidades\/santaines\/wp-json\/wp\/v2\/categories?post=12066"},{"taxonomy":"post_tag","embeddable":true,"href":"https:\/\/www.ifbaiano.edu.br\/unidades\/santaines\/wp-json\/wp\/v2\/tags?post=12066"}],"curies":[{"name":"wp","href":"https:\/\/api.w.org\/{rel}","templated":true}]}}