{"id":12069,"date":"2019-05-30T08:43:21","date_gmt":"2019-05-30T11:43:21","guid":{"rendered":"http:\/\/www.ifbaiano.edu.br\/unidades\/santaines\/?p=12069"},"modified":"2019-05-30T08:43:21","modified_gmt":"2019-05-30T11:43:21","slug":"participe-da-segunda-fase-de-contribuicoes-para-o-pdi-2020-2024-2","status":"publish","type":"post","link":"https:\/\/www.ifbaiano.edu.br\/unidades\/santaines\/participe-da-segunda-fase-de-contribuicoes-para-o-pdi-2020-2024-2\/","title":{"rendered":"Participe da segunda fase de contribui\u00e7\u00f5es para o PDI 2020-2024"},"content":{"rendered":"\n<p>Come\u00e7ou a segunda etapa de contribui\u00e7\u00f5es do processo de constru\u00e7\u00e3o do Plano de Desenvolvimento Institucional (PDI) 2020-2024 do Instituto Federal Baiano (IF Baiano).<\/p>\n\n\n\n<p>Nesta fase, estudantes e seus respons\u00e1veis, professores, servidores t\u00e9cnicos, terceirizados e estagi\u00e1rios, egressos e comunidade externa podem contribuir respondendo question\u00e1rio dispon\u00edvel em&nbsp;<a href=\"http:\/\/ifbaiano.edu.br\/portal\/pdi\/\">pdi.ifbaiano.edu.br<\/a>&nbsp;at\u00e9 o dia&nbsp;2 de junho. A pesquisa tem o intuito de coletar informa\u00e7\u00f5es que auxiliem na avalia\u00e7\u00e3o das prioridades de atua\u00e7\u00e3o do IF Baiano e de identificar os principais desafios a serem superados. Al\u00e9m disso, complementa as sugest\u00f5es coletadas nas reuni\u00f5es presenciais (primeira fase do processo).<\/p>\n\n\n\n<p>Para a pr\u00f3-reitora de Desenvolvimento Institucional, Hildonice Batista, a constru\u00e7\u00e3o de um planejamento coletivo \u00e9 fundamental para a institui\u00e7\u00e3o. \u201cNum processo em que n\u00f3s podemos debater aquilo que queremos para a nossa institui\u00e7\u00e3o, a participa\u00e7\u00e3o de todo o grupo expressa amadurecimento institucional\u201d, afirma.<\/p>\n\n\n\n<p><strong>Por que o PDI \u00e9 importante?<\/strong><\/p>\n\n\n\n<p>O PDI \u00e9 o documento que define estrat\u00e9gias e a\u00e7\u00f5es do IF Baiano para os pr\u00f3ximos 5 anos, estabelecendo metas e prioridades em Ensino, Pesquisa, Extens\u00e3o e na gest\u00e3o do Instituto. Exigido por lei para Institui\u00e7\u00f5es de Ensino Superior, ele orienta como a institui\u00e7\u00e3o vai crescer, direcionar recursos e atuar junto \u00e0 comunidade, sempre buscando a excel\u00eancia na educa\u00e7\u00e3o p\u00fablica, gratuita e de qualidade.<\/p>\n","protected":false},"excerpt":{"rendered":"<p>Responda o question\u00e1rio at\u00e9 o dia 02 de junho de 2019.<\/p>\n","protected":false},"author":86,"featured_media":12070,"comment_status":"closed","ping_status":"closed","sticky":false,"template":"","format":"standard","meta":[],"categories":[4,19,10,57],"tags":[],"_links":{"self":[{"href":"https:\/\/www.ifbaiano.edu.br\/unidades\/santaines\/wp-json\/wp\/v2\/posts\/12069"}],"collection":[{"href":"https:\/\/www.ifbaiano.edu.br\/unidades\/santaines\/wp-json\/wp\/v2\/posts"}],"about":[{"href":"https:\/\/www.ifbaiano.edu.br\/unidades\/santaines\/wp-json\/wp\/v2\/types\/post"}],"author":[{"embeddable":true,"href":"https:\/\/www.ifbaiano.edu.br\/unidades\/santaines\/wp-json\/wp\/v2\/users\/86"}],"replies":[{"embeddable":true,"href":"https:\/\/www.ifbaiano.edu.br\/unidades\/santaines\/wp-json\/wp\/v2\/comments?post=12069"}],"version-history":[{"count":1,"href":"https:\/\/www.ifbaiano.edu.br\/unidades\/santaines\/wp-json\/wp\/v2\/posts\/12069\/revisions"}],"predecessor-version":[{"id":12071,"href":"https:\/\/www.ifbaiano.edu.br\/unidades\/santaines\/wp-json\/wp\/v2\/posts\/12069\/revisions\/12071"}],"wp:featuredmedia":[{"embeddable":true,"href":"https:\/\/www.ifbaiano.edu.br\/unidades\/santaines\/wp-json\/wp\/v2\/media\/12070"}],"wp:attachment":[{"href":"https:\/\/www.ifbaiano.edu.br\/unidades\/santaines\/wp-json\/wp\/v2\/media?parent=12069"}],"wp:term":[{"taxonomy":"category","embeddable":true,"href":"https:\/\/www.ifbaiano.edu.br\/unidades\/santaines\/wp-json\/wp\/v2\/categories?post=12069"},{"taxonomy":"post_tag","embeddable":true,"href":"https:\/\/www.ifbaiano.edu.br\/unidades\/santaines\/wp-json\/wp\/v2\/tags?post=12069"}],"curies":[{"name":"wp","href":"https:\/\/api.w.org\/{rel}","templated":true}]}}