{"id":12072,"date":"2019-06-03T16:48:40","date_gmt":"2019-06-03T19:48:40","guid":{"rendered":"http:\/\/www.ifbaiano.edu.br\/unidades\/santaines\/?p=12072"},"modified":"2019-06-05T08:25:12","modified_gmt":"2019-06-05T11:25:12","slug":"publicado-edital-de-renovacao-de-matricula-dos-estudantes-dos-cursos-de-graduacao-e-matricula-especial","status":"publish","type":"post","link":"https:\/\/www.ifbaiano.edu.br\/unidades\/santaines\/publicado-edital-de-renovacao-de-matricula-dos-estudantes-dos-cursos-de-graduacao-e-matricula-especial\/","title":{"rendered":"Publicado Edital de Renova\u00e7\u00e3o de Matr\u00edcula dos Estudantes dos Cursos de Gradua\u00e7\u00e3o e Matr\u00edcula Especial"},"content":{"rendered":"\n<p>O Diretor Geral, torna p\u00fablica a convoca\u00e7\u00e3o dos estudantes dos Cursos de Licenciatura em Ci\u00eancias Biol\u00f3gicas, Licenciatura em Geografa e Bacharelado em Zootecnia, para a realiza\u00e7\u00e3o de Renova\u00e7\u00e3o de Matr\u00edcula no IF Baiano Campus Santa In\u00eas referente ao Semestre Letivo 2019.1. <\/p>\n\n\n\n<p>A Renova\u00e7\u00e3o de Matr\u00edcula dos Estudantes ser\u00e1 realizada obedecendo todas as normas e procedimentos no Cap\u00edtulo V da Organiza\u00e7\u00e3o Did\u00e1tica dos Cursos de Educa\u00e7\u00e3o Superior do IF Baiano, aprovada pela <a href=\"http:\/\/www.ifbaiano.edu.br\/unidades\/lapa\/files\/2015\/11\/cursos-superiores-organizacao.pdf\">Resolu\u00e7\u00e3o n\u00ba 18, de 31 de outubro de 2012. <\/a><\/p>\n\n\n\n<p>O Estudante que n\u00e3o realizar a Renova\u00e7\u00e3o de Matr\u00edcula no per\u00edodo definido no Edital, dever\u00e1 solicitar matr\u00edcula fora do prazo na Secretaria de Registros Acad\u00eamicos (SRA), deste Campus, em at\u00e9 10 (dez) dias \u00fateis ap\u00f3s a data limite de Renova\u00e7\u00e3o de Matr\u00edcula, com justificativa a ser analisada para deferimento ou n\u00e3o da solicita\u00e7\u00e3o. Tendo deferida a solicita\u00e7\u00e3o, este concorrer\u00e1 \u00e0s vagas dispon\u00edveis.<\/p>\n\n\n\n<p>A Renova\u00e7\u00e3o de Matr\u00edcula \u00e9 obrigat\u00f3ria. Pode ser por per\u00edodo do curso (conjunto de disciplinas) ou por disciplina e estabelece o v\u00ednculo com o Instituto Federal Baiano.<\/p>\n\n\n\n<p>A Renova\u00e7\u00e3o de Matr\u00edcula, referente ao Semestre Letivo 2019.1, dos Cursos de Licenciatura em Ci\u00eancias Biol\u00f3gicas, Licenciatura em Geografa e Bacharelado em Zootecnia, no per\u00edodo de 09 a 11\/06\/2019.<\/p>\n\n\n\n<p>Pode solicitar matr\u00edcula especial, no per\u00edodo de 10 a 11\/06\/2019, o portador de diploma de curso de gradua\u00e7\u00e3o e p\u00f3s-gradua\u00e7\u00e3o lato e stricto sensu, desde que apresente o diploma obtido em curso de \u00e1rea afim, ou estudante de gradua\u00e7\u00e3o, desde que comprove matr\u00edcula em curso superior em outra Institui\u00e7\u00e3o de Ensino.  <\/p>\n\n\n\n<p> O estudante que necessite interromper os estudos deve solicitar o trancamento volunt\u00e1rio de matr\u00edcula no per\u00edodo de 15 a 19\/07\/2019, o qual ter\u00e1 validade por apenas 01 (um) semestre.<\/p>\n\n\n\n<p> O Estudante que opte pela renova\u00e7\u00e3o de trancamento dever\u00e1 solicit\u00e1-la nas datas supracitadas.<\/p>\n\n\n\n<p>O Estudante que opte pelo trancamento volunt\u00e1rio ou renova\u00e7\u00e3o n\u00e3o dever\u00e1 realizar a matr\u00edcula no SIGAA para o semestre letivo 2019.1.  <\/p>\n\n\n\n<p><strong><a href=\"http:\/\/www.ifbaiano.edu.br\/unidades\/santaines\/files\/2019\/05\/EDITAL-DE-MATR\u00cdCULA-DOS-CURSOS-DE-GRADUA\u00c7\u00c3O-2019.1.pdf\">Clique aqui e veja o Edital<\/a><\/strong><\/p>\n\n\n\n<p><strong><a href=\"http:\/\/www.ifbaiano.edu.br\/unidades\/santaines\/files\/2019\/06\/EDITAL-DE-MATR\u00cdCULA-DOS-CURSOS-DE-GRADUA\u00c7\u00c3O-2019.1_Retifica\u00e7\u00e3o.pdf\">Retifica\u00e7\u00e3o do Edital<\/a><\/strong><\/p>\n\n\n\n<p> <\/p>\n","protected":false},"excerpt":{"rendered":"<p>O per\u00edodo de Renova\u00e7\u00e3o de Matr\u00edcula, referente ao Semestre Letivo 2019.1, \u00e9 de 09 a 11\/06\/2019.<\/p>\n","protected":false},"author":86,"featured_media":0,"comment_status":"closed","ping_status":"closed","sticky":false,"template":"","format":"standard","meta":[],"categories":[4,38,12,10,57],"tags":[],"_links":{"self":[{"href":"https:\/\/www.ifbaiano.edu.br\/unidades\/santaines\/wp-json\/wp\/v2\/posts\/12072"}],"collection":[{"href":"https:\/\/www.ifbaiano.edu.br\/unidades\/santaines\/wp-json\/wp\/v2\/posts"}],"about":[{"href":"https:\/\/www.ifbaiano.edu.br\/unidades\/santaines\/wp-json\/wp\/v2\/types\/post"}],"author":[{"embeddable":true,"href":"https:\/\/www.ifbaiano.edu.br\/unidades\/santaines\/wp-json\/wp\/v2\/users\/86"}],"replies":[{"embeddable":true,"href":"https:\/\/www.ifbaiano.edu.br\/unidades\/santaines\/wp-json\/wp\/v2\/comments?post=12072"}],"version-history":[{"count":2,"href":"https:\/\/www.ifbaiano.edu.br\/unidades\/santaines\/wp-json\/wp\/v2\/posts\/12072\/revisions"}],"predecessor-version":[{"id":12091,"href":"https:\/\/www.ifbaiano.edu.br\/unidades\/santaines\/wp-json\/wp\/v2\/posts\/12072\/revisions\/12091"}],"wp:attachment":[{"href":"https:\/\/www.ifbaiano.edu.br\/unidades\/santaines\/wp-json\/wp\/v2\/media?parent=12072"}],"wp:term":[{"taxonomy":"category","embeddable":true,"href":"https:\/\/www.ifbaiano.edu.br\/unidades\/santaines\/wp-json\/wp\/v2\/categories?post=12072"},{"taxonomy":"post_tag","embeddable":true,"href":"https:\/\/www.ifbaiano.edu.br\/unidades\/santaines\/wp-json\/wp\/v2\/tags?post=12072"}],"curies":[{"name":"wp","href":"https:\/\/api.w.org\/{rel}","templated":true}]}}