{"id":12074,"date":"2019-07-05T13:40:54","date_gmt":"2019-07-05T16:40:54","guid":{"rendered":"http:\/\/www.ifbaiano.edu.br\/unidades\/santaines\/?p=12074"},"modified":"2020-01-10T10:56:51","modified_gmt":"2020-01-10T13:56:51","slug":"inscricoes-abertas-para-processo-seletivo-de-professor-substituto-na-area-de-engenharia-de-alimentos","status":"publish","type":"post","link":"https:\/\/www.ifbaiano.edu.br\/unidades\/santaines\/inscricoes-abertas-para-processo-seletivo-de-professor-substituto-na-area-de-engenharia-de-alimentos\/","title":{"rendered":"Divulgado a lista com as homologa\u00e7\u00f5es finais das inscri\u00e7\u00f5es do Processo Seletivo de Professor Substituto na \u00c1rea de Engenharia de Alimentos"},"content":{"rendered":"\n<p>O Processo Seletivo Simplificado tem como objeto selecionar candidato para o preenchimento de cargo de Professor Substituto da categoria funcional de Professor de Ensino B\u00e1sico, T\u00e9cnico e Tecnol\u00f3gico, Classe DI, N\u00edvel 01, do Quadro Tempor\u00e1rio de Pessoal do Instituto Federal de Educa\u00e7\u00e3o, Ci\u00eancia e Tecnologia Baiano, com exerc\u00edcio no Campus Santa In\u00eas. <\/p>\n\n\n\n<p><em>Seguindo o cronograma, publica-se <strong>a lista final contendo os nomes dos candidatos homologados para a sele\u00e7\u00e3o<\/strong>. Acrescenta-se o novo cronograma deste processo seletivo. Seguem respectivamente os links:<\/em><\/p>\n\n\n\n<h3 class=\"wp-block-heading\"><a href=\"https:\/\/meudrive.ifbaiano.edu.br\/owncloud\/index.php\/s\/a9wh1IrYMZ7nBiS\" target=\"_blank\" rel=\"noreferrer noopener\" aria-label=\"Lista FINAL com as Homologa\u00e7\u00f5es das inscri\u00e7\u00f5es (abre numa nova aba)\">Lista FINAL com as Homologa\u00e7\u00f5es das inscri\u00e7\u00f5es<\/a><\/h3>\n\n\n\n<p><a rel=\"noreferrer noopener\" aria-label=\"Lista Homologa\u00e7\u00f5es Preliminares (abre numa nova aba)\" href=\"https:\/\/meudrive.ifbaiano.edu.br\/owncloud\/index.php\/s\/tyUWuWU2VcCUESh\" target=\"_blank\">Lista Homologa\u00e7\u00f5es Preliminares<\/a><strong><br><\/strong><a rel=\"noreferrer noopener\" aria-label=\"Novo Cronograma (abre numa nova aba)\" href=\"https:\/\/meudrive.ifbaiano.edu.br\/owncloud\/index.php\/s\/pNaW4Nbgz7tWnym\" target=\"_blank\">Novo Cronograma<\/a><\/p>\n\n\n\n<p><\/p>\n\n\n\n<figure class=\"wp-block-image\"><img decoding=\"async\" loading=\"lazy\" width=\"800\" height=\"800\" src=\"http:\/\/www.ifbaiano.edu.br\/unidades\/santaines\/files\/2019\/06\/PROFESSOR-SUBSTITUTO_santaines2019.png\" alt=\"\" class=\"wp-image-12075\" \/><\/figure>\n\n\n\n<p>O Processo Seletivo ser\u00e1 realizado em etapas distintas, constitu\u00eddas de Prova de Desempenho Did\u00e1tico (eliminat\u00f3ria e classificat\u00f3ria) e Prova de T\u00edtulos (classificat\u00f3ria). <\/p>\n\n\n\n<p>N\u00e3o ser\u00e1 cobrada taxa de inscri\u00e7\u00e3o para a participa\u00e7\u00e3o no processo seletivo e as inscri\u00e7\u00f5es s\u00e3o efetuadas, exclusivamente pela internet, no  per\u00edodo de 31\/05\/2019 a 15\/06\/2019, at\u00e9 \u00e0s 23h59min.   <\/p>\n\n\n\n<p>O candidato dever\u00e1 observar, rigorosamente, o Edital do Processo Seletivo e os documentos complementares.<\/p>\n\n\n\n<p><strong><a href=\"http:\/\/concurso.ifbaiano.edu.br\/portal\/substituto-alimentos-santa-ines-maio-2019\/\">Para mais informa\u00e7\u00f5es CLIQUE AQUI<\/a><\/strong><\/p>\n","protected":false},"excerpt":{"rendered":"<p>Per\u00edodo: 31\/05\/2019 a 15\/06\/2019, at\u00e9 \u00e0s 23h59min<\/p>\n","protected":false},"author":7,"featured_media":12075,"comment_status":"closed","ping_status":"closed","sticky":false,"template":"","format":"standard","meta":[],"categories":[4,10,8,57],"tags":[],"_links":{"self":[{"href":"https:\/\/www.ifbaiano.edu.br\/unidades\/santaines\/wp-json\/wp\/v2\/posts\/12074"}],"collection":[{"href":"https:\/\/www.ifbaiano.edu.br\/unidades\/santaines\/wp-json\/wp\/v2\/posts"}],"about":[{"href":"https:\/\/www.ifbaiano.edu.br\/unidades\/santaines\/wp-json\/wp\/v2\/types\/post"}],"author":[{"embeddable":true,"href":"https:\/\/www.ifbaiano.edu.br\/unidades\/santaines\/wp-json\/wp\/v2\/users\/7"}],"replies":[{"embeddable":true,"href":"https:\/\/www.ifbaiano.edu.br\/unidades\/santaines\/wp-json\/wp\/v2\/comments?post=12074"}],"version-history":[{"count":6,"href":"https:\/\/www.ifbaiano.edu.br\/unidades\/santaines\/wp-json\/wp\/v2\/posts\/12074\/revisions"}],"predecessor-version":[{"id":12201,"href":"https:\/\/www.ifbaiano.edu.br\/unidades\/santaines\/wp-json\/wp\/v2\/posts\/12074\/revisions\/12201"}],"wp:featuredmedia":[{"embeddable":true,"href":"https:\/\/www.ifbaiano.edu.br\/unidades\/santaines\/wp-json\/wp\/v2\/media\/12075"}],"wp:attachment":[{"href":"https:\/\/www.ifbaiano.edu.br\/unidades\/santaines\/wp-json\/wp\/v2\/media?parent=12074"}],"wp:term":[{"taxonomy":"category","embeddable":true,"href":"https:\/\/www.ifbaiano.edu.br\/unidades\/santaines\/wp-json\/wp\/v2\/categories?post=12074"},{"taxonomy":"post_tag","embeddable":true,"href":"https:\/\/www.ifbaiano.edu.br\/unidades\/santaines\/wp-json\/wp\/v2\/tags?post=12074"}],"curies":[{"name":"wp","href":"https:\/\/api.w.org\/{rel}","templated":true}]}}