{"id":12103,"date":"2019-06-21T09:17:44","date_gmt":"2019-06-21T12:17:44","guid":{"rendered":"http:\/\/www.ifbaiano.edu.br\/unidades\/santaines\/?p=12103"},"modified":"2019-06-21T09:20:59","modified_gmt":"2019-06-21T12:20:59","slug":"if-baiano-divulga-concurso-com-72-vagas-para-docentes-e-tecnicos","status":"publish","type":"post","link":"https:\/\/www.ifbaiano.edu.br\/unidades\/santaines\/if-baiano-divulga-concurso-com-72-vagas-para-docentes-e-tecnicos\/","title":{"rendered":"IF Baiano divulga concurso com 72 vagas para docentes e t\u00e9cnicos"},"content":{"rendered":"\n<p>O Instituto Federal Baiano (IF Baiano) divulgou na \u00faltima sexta-feira, 31, editais para provimento de 72 vagas de t\u00e9cnico-administrativos e docentes em qualquer uma das 15 unidades da institui\u00e7\u00e3o localizadas na Bahia. S\u00e3o 36 vagas para professor da carreira de magist\u00e9rio do Ensino B\u00e1sico, T\u00e9cnico e Tecnol\u00f3gico e 36 para t\u00e9cnico-administrativo em educa\u00e7\u00e3o nos n\u00edveis m\u00e9dio e superior.<\/p>\n\n\n\n<p>As inscri\u00e7\u00f5es podem ser realizadas entre 17 de junho e 16 de julho de 2019, exclusivamente via internet, atrav\u00e9s de link que ser\u00e1 disponibilizado na&nbsp;<a href=\"http:\/\/ifbaiano.edu.br\/portal\/concursos\/\">p\u00e1gina da institui\u00e7\u00e3o<\/a>.<\/p>\n\n\n\n<p>As vagas para docente s\u00e3o para o regime de trabalho de 40 horas semanais com dedica\u00e7\u00e3o exclusiva, para as \u00e1reas de: Administra\u00e7\u00e3o, Agrimensura, Agroind\u00fastria, Agronomia, Arte, Biologia, Filosofia, Inform\u00e1tica, Letras\/Libras, Educa\u00e7\u00e3o F\u00edsica, F\u00edsica, Geografia, Matem\u00e1tica, Pedagogia, Qu\u00edmica, Nutri\u00e7\u00e3o, Sociologia e Zootecnia.<\/p>\n\n\n\n<p>J\u00e1 no caso dos cargos de t\u00e9cnico-administrativo, o regime de trabalho \u00e9 de 40 horas semanais, exceto para o cargo de jornalista, com carga hor\u00e1ria de 25 horas. As vagas s\u00e3o para Administrador, Contador, Jornalista, Odont\u00f3logo, Pedagogo, T\u00e9cnico em assuntos educacionais, Assistente em administra\u00e7\u00e3o, T\u00e9cnico de laborat\u00f3rio (Biologia), T\u00e9cnico de laborat\u00f3rio (Inform\u00e1tica), T\u00e9cnico em audiovisual, T\u00e9cnico em artes gr\u00e1ficas, T\u00e9cnico em enfermagem, T\u00e9cnico em tecnologia da informa\u00e7\u00e3o e T\u00e9cnico em seguran\u00e7a do trabalho.<\/p>\n\n\n\n<p><strong>Sobre a sele\u00e7\u00e3o<\/strong><\/p>\n\n\n\n<p>A aplica\u00e7\u00e3o das provas para ambos os cargos est\u00e1 prevista para o dia&nbsp;<strong>22 de setembro de 2019<\/strong>. Para o cargo de docente, a sele\u00e7\u00e3o inclui prova objetiva; prova discursiva nas \u00e1reas de L\u00edngua Portuguesa, Legisla\u00e7\u00e3o do Servi\u00e7o P\u00fablico e Educacional e Conhecimentos Espec\u00edficos; prova de desempenho did\u00e1tico e prova de t\u00edtulos.<\/p>\n\n\n\n<p>Candidatos \u00e0 carreira de T\u00e9cnico-administrativo far\u00e3o apenas prova objetiva com as disciplinas de L\u00edngua Portuguesa, Racioc\u00ednio L\u00f3gico, No\u00e7\u00f5es de Inform\u00e1tica, Legisla\u00e7\u00e3o no Servi\u00e7o P\u00fablico e Conhecimentos Espec\u00edficos.<\/p>\n\n\n\n<p><strong>Saiba mais&nbsp;<\/strong>\u2013 Para mais informa\u00e7\u00f5es sobre os editais, os candidatos devem consultar&nbsp;<a href=\"http:\/\/ifbaiano.edu.br\/portal\/concursos\/\" target=\"_blank\" rel=\"noreferrer noopener\">a&nbsp;p\u00e1gina Concurso e Sele\u00e7\u00f5es no portal do IF Baiano<\/a>. Outras d\u00favidas podem ser encaminhadas para o e-mail concurso@reitoria.ifbaiano.edu.br.<\/p>\n\n\n\n<p>Acompanhe&nbsp;<a href=\"http:\/\/concurso.ifbaiano.edu.br\/portal\/concurso-tae-2019\/\">nesta p\u00e1gina<\/a>&nbsp;o Concurso P\u00fablico para T\u00e9cnico-administrativos e&nbsp;<a href=\"http:\/\/concurso.ifbaiano.edu.br\/portal\/concurso-docente-2019\/\" target=\"_blank\" rel=\"noreferrer noopener\">nesta p\u00e1gina<\/a>&nbsp;o&nbsp;Concurso P\u00fablico para Docente.<\/p>\n","protected":false},"excerpt":{"rendered":"<p>Inscri\u00e7\u00f5es de 17 de junho a 16 de julho<\/p>\n","protected":false},"author":86,"featured_media":12104,"comment_status":"closed","ping_status":"closed","sticky":false,"template":"","format":"standard","meta":[],"categories":[4,11,10,8,57],"tags":[],"_links":{"self":[{"href":"https:\/\/www.ifbaiano.edu.br\/unidades\/santaines\/wp-json\/wp\/v2\/posts\/12103"}],"collection":[{"href":"https:\/\/www.ifbaiano.edu.br\/unidades\/santaines\/wp-json\/wp\/v2\/posts"}],"about":[{"href":"https:\/\/www.ifbaiano.edu.br\/unidades\/santaines\/wp-json\/wp\/v2\/types\/post"}],"author":[{"embeddable":true,"href":"https:\/\/www.ifbaiano.edu.br\/unidades\/santaines\/wp-json\/wp\/v2\/users\/86"}],"replies":[{"embeddable":true,"href":"https:\/\/www.ifbaiano.edu.br\/unidades\/santaines\/wp-json\/wp\/v2\/comments?post=12103"}],"version-history":[{"count":1,"href":"https:\/\/www.ifbaiano.edu.br\/unidades\/santaines\/wp-json\/wp\/v2\/posts\/12103\/revisions"}],"predecessor-version":[{"id":12105,"href":"https:\/\/www.ifbaiano.edu.br\/unidades\/santaines\/wp-json\/wp\/v2\/posts\/12103\/revisions\/12105"}],"wp:featuredmedia":[{"embeddable":true,"href":"https:\/\/www.ifbaiano.edu.br\/unidades\/santaines\/wp-json\/wp\/v2\/media\/12104"}],"wp:attachment":[{"href":"https:\/\/www.ifbaiano.edu.br\/unidades\/santaines\/wp-json\/wp\/v2\/media?parent=12103"}],"wp:term":[{"taxonomy":"category","embeddable":true,"href":"https:\/\/www.ifbaiano.edu.br\/unidades\/santaines\/wp-json\/wp\/v2\/categories?post=12103"},{"taxonomy":"post_tag","embeddable":true,"href":"https:\/\/www.ifbaiano.edu.br\/unidades\/santaines\/wp-json\/wp\/v2\/tags?post=12103"}],"curies":[{"name":"wp","href":"https:\/\/api.w.org\/{rel}","templated":true}]}}