{"id":12123,"date":"2019-06-07T16:36:20","date_gmt":"2019-06-07T19:36:20","guid":{"rendered":"http:\/\/www.ifbaiano.edu.br\/unidades\/santaines\/?p=12123"},"modified":"2019-06-07T17:05:23","modified_gmt":"2019-06-07T20:05:23","slug":"conheca-os-vencedores-do-1-festival-de-arte-e-musica-do-if-baiano","status":"publish","type":"post","link":"https:\/\/www.ifbaiano.edu.br\/unidades\/santaines\/conheca-os-vencedores-do-1-festival-de-arte-e-musica-do-if-baiano\/","title":{"rendered":"Conhe\u00e7a os vencedores do 1\u00b0 Festival de Arte e M\u00fasica do IF Baiano"},"content":{"rendered":"\n<p>Ap\u00f3s um dia intenso de celebra\u00e7\u00e3o das mais diversas formas de express\u00e3o art\u00edstica, que trouxe ao palco 43 performances de estudantes e servidores de todas unidades do Instituto Federal Baiano, o 1\u00b0 Festival de Arte e M\u00fasica do IF Baiano (Famif) definiu seus quatro vencedores principais.<\/p>\n\n\n\n<p><\/p>\n\n\n\n<figure class=\"wp-block-image\"><img decoding=\"async\" src=\"http:\/\/ifbaiano.edu.br\/portal\/wp-content\/uploads\/2019\/06\/famif_2019-349.jpg\" alt=\"\" class=\"wp-image-12744\" \/><\/figure>\n\n\n\n<p>Entre os discentes, os vencedores foram: Na categoria Performance Art\u00edstica, o primeiro lugar foi conquistado pela estudante do Campus Santa In\u00eas, Maria Eduarda dos Santos, com a interpreta\u00e7\u00e3o da poesia de sua autoria \u201cNasceu do romper\u201d; na categoria M\u00fasica Autoral, levou o pr\u00eamio, o estudante do Campus Guanambi, Gabriel Lucas dos Santos, com a can\u00e7\u00e3o \u201cHipocrisia\u201d.<\/p>\n\n\n\n<p>Emocionados, os jovens talentos falaram sobre o significado de terem seus trabalhos reconhecidos. \u201cEstar aqui hoje, para mim, \u00e9 uma experi\u00eancia que eu n\u00e3o consigo descrever por que, desde pequeno, eu componho e canto, mas nunca imaginei estar num evento desse tamanho, dessa propor\u00e7\u00e3o e com tantos talentos envolvidos. Ent\u00e3o, a felicidade \u00e9 demais\u201d, contou o estudante Gabriel Lucas.<\/p>\n\n\n\n<p>\u201cVir para a final foi muito gratificante e ter essa sensa\u00e7\u00e3o de estar expondo uma composi\u00e7\u00e3o autoral aqui, ter esse reconhecimento de todo mundo, ver tanta gente legal e talentosa, foi muito prazeroso para mim\u201d, declarou Maria Eduarda.<\/p>\n\n\n\n<ul class=\"wp-block-gallery columns-2 is-cropped wp-block-gallery-1 is-layout-flex\"><li class=\"blocks-gallery-item\"><figure><img decoding=\"async\" loading=\"lazy\" width=\"5184\" height=\"3249\" src=\"http:\/\/www.ifbaiano.edu.br\/unidades\/santaines\/files\/2019\/06\/categoria-discente-famif-maria-eduarda.jpg\" alt=\"\" data-id=\"12126\" class=\"wp-image-12126\" \/><\/figure><\/li><li class=\"blocks-gallery-item\"><figure><img decoding=\"async\" loading=\"lazy\" width=\"5013\" height=\"3208\" src=\"http:\/\/www.ifbaiano.edu.br\/unidades\/santaines\/files\/2019\/06\/categoria-discente-famif-gabriel-1.jpg\" alt=\"\" data-id=\"12125\" class=\"wp-image-12125\" \/><\/figure><\/li><\/ul>\n\n\n\n<p>J\u00e1 entre os servidores, levaram premia\u00e7\u00f5es: na categoria Performance Art\u00edstica, a servidora do Campus Alagoinhas, Denise Assis, com a apresenta\u00e7\u00e3o de dan\u00e7a \u201cDeusa do \u00c9bano\u201d; e, na categoria M\u00fasica Autoral, o servidor da reitoria, Glauco Neves, com a m\u00fasica \u201cSeu e de mais ningu\u00e9m\u201d, que confessou ter ficado surpreso com a premia\u00e7\u00e3o. \u201cT\u00f4 muito feliz por receber esse pr\u00eamio. N\u00e3o esperava. Tamb\u00e9m participei aqui ajudando a produzir. E eu acho que foi um sucesso por que as pessoas puderam se divertir\u201d, declarou.<\/p>\n\n\n\n<ul class=\"wp-block-gallery columns-2 is-cropped wp-block-gallery-3 is-layout-flex\"><li class=\"blocks-gallery-item\"><figure><img decoding=\"async\" loading=\"lazy\" width=\"1280\" height=\"853\" src=\"http:\/\/www.ifbaiano.edu.br\/unidades\/santaines\/files\/2019\/06\/categoria-servidor-famif.jpeg\" alt=\"\" data-id=\"12129\" class=\"wp-image-12129\" \/><\/figure><\/li><li class=\"blocks-gallery-item\"><figure><img decoding=\"async\" loading=\"lazy\" width=\"5184\" height=\"3456\" src=\"http:\/\/www.ifbaiano.edu.br\/unidades\/santaines\/files\/2019\/06\/categoria-servidor-famif-deusa-ebano.jpg\" alt=\"\" data-id=\"12127\" class=\"wp-image-12127\" \/><\/figure><\/li><\/ul>\n\n\n\n<p>J\u00e1 Denise, que encantou o p\u00fablico com sua vers\u00e3o da divindade africana, pediu a continuidade do festival. \u201cEstou muito orgulhosa em ter recebido esse trof\u00e9u. Eu acho que essa foi uma iniciativa maravilhosa que revelou muitos talentos e que tenha vida longa esse projeto por que foi maravilhoso\u201d.<\/p>\n\n\n\n<p><strong><a href=\"https:\/\/www.youtube.com\/playlist?list=PLHUwSIkS1cIcOsGklRZHKSwJlyy8z88jV\">Assista aos v\u00eddeos das performances vencedoras<\/a><\/strong><\/p>\n\n\n\n<p>Al\u00e9m das apresenta\u00e7\u00f5es premiadas, algumas tiveram grande destaque e receberam men\u00e7\u00f5es honrosas no festival. Foram elas: a apresenta\u00e7\u00e3o musical \u201cPuta: uma cr\u00edtica social\u201d, da estudante Ranielle Nascimento do Campus Xique-Xique; a apresenta\u00e7\u00e3o teatral \u201cImitose\u201d das estudantes do Campus Bom Jesus da Lapa, Sth\u00e9fane Carvalho, Rafaela Maciel, Isabella Monique e Bruna Ilda; a interpreta\u00e7\u00e3o da m\u00fasica \u201cLa vie en rose\u201d, da estudante Joana Mendon\u00e7a do Campus Catu; a poesia \u201cTodo brasileiro \u00e9 baiano\u201d, da servidora Jigriola Duarte do Campus Senhor do Bonfim, e a apresenta\u00e7\u00e3o de dan\u00e7a \u201cNo Escurinho\u201d dos servidores Fl\u00e1via Albuquerque e Almen\u00edzio Batista.<\/p>\n\n\n\n<p>As apresenta\u00e7\u00f5es dos participantes foram analisadas por uma banca de jurados formada por artistas e professores de artes. Para pontuar as performances, foram utilizados crit\u00e9rios como originalidade, criatividade e t\u00e9cnica, organizados em barema definido no&nbsp;<a href=\"http:\/\/ifbaiano.edu.br\/portal\/extensao\/wp-content\/uploads\/sites\/4\/2019\/04\/EDITALL-FAMIF-FINAL.pdf\">edital de chamada interna do Famif.<\/a><\/p>\n\n\n\n<p><strong>O Baiano expressando o Brasil atrav\u00e9s da arte<\/strong><\/p>\n\n\n\n<p>A primeira edi\u00e7\u00e3o do Festival de Arte e Cultura do IF Baiano (Famif) reuniu 82 estudantes e servidores de todas as unidades do IF Baiano durante os dias 3 e 4 de junho, em Salvador. Na segunda-feira, 3, os finalistas participaram de oficinas formativas e de visita guiada ao Teatro Castro Alves.<\/p>\n\n\n\n<p>Na ter\u00e7a, 4, durante todo o dia, foram realizadas, no Teatro da Uneb, as apresenta\u00e7\u00f5es dos finalistas do Famif, vencedores dos festivais internos que ocorreram em cada uma das 15 unidades do instituto. Foram 43 performances que revelaram talentos art\u00edsticos e que demonstraram a riqueza cultural dos territ\u00f3rios baianos em que o Instituto est\u00e1 presente.<\/p>\n\n\n\n<p>O reitor do IF Baiano, A\u00e9cio Jos\u00e9 Duarte, destacou a import\u00e2ncia da arte como elemento formativo e a possibilidade de integra\u00e7\u00e3o do Instituto proporcionada pelo evento. \u201cEsse festival \u00e9 resultado de trabalho de muitas m\u00e3os, foram in\u00fameras equipes e servidores \u2013 n\u00e3o s\u00f3 da parte pedag\u00f3gica, mas da parte t\u00e9cnica -, das comiss\u00f5es de cada campus e da reitoria que trabalharam diuturnamente para que isso pudesse acontecer e pudesse ser realizado o sonho do IF Baiano de registrar o que temos em termos de arte e de cultura e expressar tudo isso em um festival\u201d.<\/p>\n\n\n\n<p><a href=\"https:\/\/drive.google.com\/drive\/folders\/1C8KjH68XvHLxmNk3k-74Cg-BTGagdx6o\">Veja mais registros fotogr\u00e1ficos do 1\u00b0 Famif<\/a><\/p>\n\n\n\n<p><em>Imagens: Petry Lordelo<\/em><\/p>\n","protected":false},"excerpt":{"rendered":"<p>Assista aos v\u00eddeos das performances vencedoras.<\/p>\n","protected":false},"author":86,"featured_media":12128,"comment_status":"closed","ping_status":"closed","sticky":false,"template":"","format":"standard","meta":[],"categories":[4,37,10,1,57],"tags":[],"_links":{"self":[{"href":"https:\/\/www.ifbaiano.edu.br\/unidades\/santaines\/wp-json\/wp\/v2\/posts\/12123"}],"collection":[{"href":"https:\/\/www.ifbaiano.edu.br\/unidades\/santaines\/wp-json\/wp\/v2\/posts"}],"about":[{"href":"https:\/\/www.ifbaiano.edu.br\/unidades\/santaines\/wp-json\/wp\/v2\/types\/post"}],"author":[{"embeddable":true,"href":"https:\/\/www.ifbaiano.edu.br\/unidades\/santaines\/wp-json\/wp\/v2\/users\/86"}],"replies":[{"embeddable":true,"href":"https:\/\/www.ifbaiano.edu.br\/unidades\/santaines\/wp-json\/wp\/v2\/comments?post=12123"}],"version-history":[{"count":5,"href":"https:\/\/www.ifbaiano.edu.br\/unidades\/santaines\/wp-json\/wp\/v2\/posts\/12123\/revisions"}],"predecessor-version":[{"id":12133,"href":"https:\/\/www.ifbaiano.edu.br\/unidades\/santaines\/wp-json\/wp\/v2\/posts\/12123\/revisions\/12133"}],"wp:featuredmedia":[{"embeddable":true,"href":"https:\/\/www.ifbaiano.edu.br\/unidades\/santaines\/wp-json\/wp\/v2\/media\/12128"}],"wp:attachment":[{"href":"https:\/\/www.ifbaiano.edu.br\/unidades\/santaines\/wp-json\/wp\/v2\/media?parent=12123"}],"wp:term":[{"taxonomy":"category","embeddable":true,"href":"https:\/\/www.ifbaiano.edu.br\/unidades\/santaines\/wp-json\/wp\/v2\/categories?post=12123"},{"taxonomy":"post_tag","embeddable":true,"href":"https:\/\/www.ifbaiano.edu.br\/unidades\/santaines\/wp-json\/wp\/v2\/tags?post=12123"}],"curies":[{"name":"wp","href":"https:\/\/api.w.org\/{rel}","templated":true}]}}