{"id":12151,"date":"2019-07-04T09:22:30","date_gmt":"2019-07-04T12:22:30","guid":{"rendered":"http:\/\/www.ifbaiano.edu.br\/unidades\/santaines\/?p=12151"},"modified":"2019-07-04T10:23:07","modified_gmt":"2019-07-04T13:23:07","slug":"if-baiano-publica-lista-de-inscritos-no-curso-tecnico-subsequente-em-vendas-ead","status":"publish","type":"post","link":"https:\/\/www.ifbaiano.edu.br\/unidades\/santaines\/if-baiano-publica-lista-de-inscritos-no-curso-tecnico-subsequente-em-vendas-ead\/","title":{"rendered":"Aten\u00e7\u00e3o: Listagem dos nomes APTOS para realiza\u00e7\u00e3o de matr\u00edcula, de acordo com o n\u00famero de vagas\/cotas constantes no Edital  N\u00ba 55 de 25\/04\/2019."},"content":{"rendered":"\n<h4 class=\"wp-block-heading\">Matr\u00edculas na Secretaria do IFBAIANO <em>Campus<\/em> Santa In\u00eas nos dias 03 a 05\/07\/2019 (das 8 \u00e0s 13h) <\/h4>\n\n\n\n<h3 class=\"wp-block-heading\"><strong>Acessem a listagem em:<br><\/strong><a href=\"https:\/\/mail.ifbaiano.edu.br\/service\/home\/~\/?auth=co&amp;loc=pt_BR&amp;id=59030&amp;part=2\"><strong>https:\/\/mail.ifbaiano.edu.br\/service\/home\/~\/?auth=co&amp;loc=pt_BR&amp;id=59030&amp;part=2<\/strong><\/a><strong> <\/strong><\/h3>\n\n\n\n<ul class=\"wp-block-gallery columns-1 is-cropped wp-block-gallery-1 is-layout-flex\"><li class=\"blocks-gallery-item\"><figure><img decoding=\"async\" loading=\"lazy\" width=\"1080\" height=\"1080\" src=\"http:\/\/www.ifbaiano.edu.br\/unidades\/santaines\/files\/2019\/06\/chamada-matricula-vendas-2019.jpg\" alt=\"\" data-id=\"12190\" data-link=\"http:\/\/www.ifbaiano.edu.br\/unidades\/santaines\/if-baiano-publica-lista-de-inscritos-no-curso-tecnico-subsequente-em-vendas-ead\/chamada-matricula-vendas-2019\/\" class=\"wp-image-12190\" \/><\/figure><\/li><\/ul>\n\n\n\n<h2 class=\"wp-block-heading\" id=\"mce_10\">IF Baiano publica lista de Inscritos no Curso T\u00e9cnico Subsequente em Vendas EaD<\/h2>\n\n\n\n<p>\n\nAs inscri\u00e7\u00f5es para 1320 vagas no curso t\u00e9cnico subsequente de Vendas, modalidade Educa\u00e7\u00e3o a Dist\u00e2ncia, j\u00e1 se encerraram. A lista de Inscritos, bem como demais documentos referentes ao Processo Seletivo em quest\u00e3o, est\u00e3o disponibilizadas na <a href=\"http:\/\/concurso.ifbaiano.edu.br\/portal\/ead-vendas-maio-2019\/\">P\u00e1gina de Concursos e Sele\u00e7\u00f5es.<\/a><\/p>\n\n\n\n<p>\n\nAs vagas s\u00e3o distribu\u00eddas em 33 campi e polos de apoio presencial, em diferentes munic\u00edpios do estado da Bahia. No Campus Santa In\u00eas ser\u00e3o oferecidas 40 vagas.\n\n<\/p>\n\n\n\n<p>\n\nO curso t\u00e9cnico em Vendas objetiva formar profissionais com as habilidades e conhecimentos necess\u00e1rios para atua\u00e7\u00e3o no mundo do trabalho, dominando as compet\u00eancias para o exerc\u00edcio profissional de t\u00e9cnico em Vendas, com vistas \u00e0 sustentabilidade dos empreendimentos, convergindo para o desenvolvimento socioecon\u00f4mico local e regional. \n\n<\/p>\n\n\n\n<p>\n\nNa <strong><a href=\"http:\/\/concurso.ifbaiano.edu.br\/portal\/ead-vendas-maio-2019\/wp-content\/uploads\/sites\/270\/2019\/06\/Rela%C3%A7%C3%A3o-de-Inscritos.pdf\">Rela\u00e7\u00e3o de Inscritos<\/a><\/strong>, publicada na p\u00e1gina, constam todos os inscritos dos <em>Campi <\/em>(por ordem alfab\u00e9tica ) do IF baiano.\n\n<\/p>\n\n\n\n<p><\/p>\n","protected":false},"excerpt":{"rendered":"<p>Matr\u00edculas na Secretaria do IFBAIANO Campus Santa In\u00eas nos dias 03 a 05\/07\/2019 (das 8 \u00e0s 13h) Acessem a listagem em:https:\/\/mail.ifbaiano.edu.br\/service\/home\/~\/?auth=co&amp;loc=pt_BR&amp;id=59030&amp;part=2 IF Baiano publica lista de Inscritos no Curso T\u00e9cnico Subsequente em Vendas EaD As inscri\u00e7\u00f5es para 1320 vagas no curso t\u00e9cnico subsequente de Vendas, modalidade Educa\u00e7\u00e3o a Dist\u00e2ncia, j\u00e1 se encerraram. A lista de [&hellip;]<\/p>\n","protected":false},"author":86,"featured_media":12032,"comment_status":"closed","ping_status":"closed","sticky":false,"template":"","format":"standard","meta":[],"categories":[4,10,8,57],"tags":[],"_links":{"self":[{"href":"https:\/\/www.ifbaiano.edu.br\/unidades\/santaines\/wp-json\/wp\/v2\/posts\/12151"}],"collection":[{"href":"https:\/\/www.ifbaiano.edu.br\/unidades\/santaines\/wp-json\/wp\/v2\/posts"}],"about":[{"href":"https:\/\/www.ifbaiano.edu.br\/unidades\/santaines\/wp-json\/wp\/v2\/types\/post"}],"author":[{"embeddable":true,"href":"https:\/\/www.ifbaiano.edu.br\/unidades\/santaines\/wp-json\/wp\/v2\/users\/86"}],"replies":[{"embeddable":true,"href":"https:\/\/www.ifbaiano.edu.br\/unidades\/santaines\/wp-json\/wp\/v2\/comments?post=12151"}],"version-history":[{"count":4,"href":"https:\/\/www.ifbaiano.edu.br\/unidades\/santaines\/wp-json\/wp\/v2\/posts\/12151\/revisions"}],"predecessor-version":[{"id":12194,"href":"https:\/\/www.ifbaiano.edu.br\/unidades\/santaines\/wp-json\/wp\/v2\/posts\/12151\/revisions\/12194"}],"wp:featuredmedia":[{"embeddable":true,"href":"https:\/\/www.ifbaiano.edu.br\/unidades\/santaines\/wp-json\/wp\/v2\/media\/12032"}],"wp:attachment":[{"href":"https:\/\/www.ifbaiano.edu.br\/unidades\/santaines\/wp-json\/wp\/v2\/media?parent=12151"}],"wp:term":[{"taxonomy":"category","embeddable":true,"href":"https:\/\/www.ifbaiano.edu.br\/unidades\/santaines\/wp-json\/wp\/v2\/categories?post=12151"},{"taxonomy":"post_tag","embeddable":true,"href":"https:\/\/www.ifbaiano.edu.br\/unidades\/santaines\/wp-json\/wp\/v2\/tags?post=12151"}],"curies":[{"name":"wp","href":"https:\/\/api.w.org\/{rel}","templated":true}]}}