{"id":12158,"date":"2019-06-11T09:25:13","date_gmt":"2019-06-11T12:25:13","guid":{"rendered":"http:\/\/www.ifbaiano.edu.br\/unidades\/santaines\/?p=12158"},"modified":"2019-06-11T09:37:53","modified_gmt":"2019-06-11T12:37:53","slug":"campus-santa-ines-divulga-chamada-publica-no-para-aquisicao-de-alimentos-da-agricultura-familiar","status":"publish","type":"post","link":"https:\/\/www.ifbaiano.edu.br\/unidades\/santaines\/campus-santa-ines-divulga-chamada-publica-no-para-aquisicao-de-alimentos-da-agricultura-familiar\/","title":{"rendered":"Campus Santa In\u00eas divulga Chamada P\u00fablica para aquisi\u00e7\u00e3o de alimentos da agricultura familiar"},"content":{"rendered":"\n<p>O IF Baiano Campus Santa In\u00eas torna p\u00fablico para conhecimento dos interessados que far\u00e1 realizar chamada p\u00fablica para formaliza\u00e7\u00e3o de dispensa de licita\u00e7\u00e3o para aquisi\u00e7\u00e3o de g\u00eaneros aliment\u00edcios da agricultura familiar para o atendimento ao Programa Nacional de Alimenta\u00e7\u00e3o Escolar \u2013 PNAE.<\/p>\n\n\n\n<p>  <br>O <strong>Per\u00edodo de divulga\u00e7\u00e3o da Chamada P\u00fablica<\/strong> \u00e9 de 11\/06\/2019 a 04\/07\/2019. Os Envelopes devem ser entregues at\u00e9 \u00e0s 09h do dia 04\/07\/2019 (hor\u00e1rio de Bras\u00edlia). A <strong>Sess\u00e3o P\u00fablica e Abertura dos Envelopes <\/strong>ser\u00e1 dia 04\/07\/2019, \u00e0s 09h (hor\u00e1rio de Bras\u00edlia) e o <strong>Endere\u00e7o da Sess\u00e3o P\u00fablica:<\/strong> Sala de Reuni\u00f5es do IF Baiano Campus Santa In\u00eas, localizada no Km 2,5 \u2013 BR 420 \u2013 Rodovia Santa In\u00eas x Uba\u00edra \u2013 Santa In\u00eas \u2013 Bahia. <\/p>\n\n\n\n<figure class=\"wp-block-image\"><img decoding=\"async\" loading=\"lazy\" width=\"1000\" height=\"1000\" src=\"http:\/\/www.ifbaiano.edu.br\/unidades\/santaines\/files\/2019\/06\/chamada-publica-02-2019-santa-ines.png\" alt=\"\" class=\"wp-image-12159\" \/><\/figure>\n\n\n\n<p><br>Poder\u00e3o participar deste procedimento, fornecedores   Individuais:   Agricultores   familiares   n\u00e3o   organizados   em   grupos,   detentores   da Declara\u00e7\u00e3o de Aptid\u00e3o ao Programa Nacional de Fortalecimento da Agricultura Familiar \u2013 DAP f\u00edsica; Agricultores familiares organizados em grupos informais detentores da Declara\u00e7\u00e3o de Aptid\u00e3o ao Programa Nacional de Fortalecimento da Agricultura Familiar \u2013 DAP F\u00edsica de cada agricultor e; Grupos formais: Agricultores familiares organizados em grupos formais (cooperativas e associa\u00e7\u00f5es) detentores da Declara\u00e7\u00e3o de Aptid\u00e3o ao Programa Nacional de Fortalecimento da Agricultura Familiar \u2013DAP Jur\u00eddica. <\/p>\n\n\n\n<p><\/p>\n\n\n\n<p><strong>Para maiores informa\u00e7\u00f5es<a href=\"http:\/\/www.ifbaiano.edu.br\/unidades\/santaines\/files\/2019\/06\/Edital-Chamada-P\u00fablica-02-2019-PNAE.pdf\"> ACESSE AQUI O EDITAL.<\/a><\/strong><\/p>\n","protected":false},"excerpt":{"rendered":"<p>A Sess\u00e3o P\u00fablica e Abertura dos Envelopes ser\u00e1 dia 04\/07\/2019<\/p>\n","protected":false},"author":86,"featured_media":12160,"comment_status":"closed","ping_status":"closed","sticky":false,"template":"","format":"standard","meta":[],"categories":[4,10,57],"tags":[],"_links":{"self":[{"href":"https:\/\/www.ifbaiano.edu.br\/unidades\/santaines\/wp-json\/wp\/v2\/posts\/12158"}],"collection":[{"href":"https:\/\/www.ifbaiano.edu.br\/unidades\/santaines\/wp-json\/wp\/v2\/posts"}],"about":[{"href":"https:\/\/www.ifbaiano.edu.br\/unidades\/santaines\/wp-json\/wp\/v2\/types\/post"}],"author":[{"embeddable":true,"href":"https:\/\/www.ifbaiano.edu.br\/unidades\/santaines\/wp-json\/wp\/v2\/users\/86"}],"replies":[{"embeddable":true,"href":"https:\/\/www.ifbaiano.edu.br\/unidades\/santaines\/wp-json\/wp\/v2\/comments?post=12158"}],"version-history":[{"count":2,"href":"https:\/\/www.ifbaiano.edu.br\/unidades\/santaines\/wp-json\/wp\/v2\/posts\/12158\/revisions"}],"predecessor-version":[{"id":12163,"href":"https:\/\/www.ifbaiano.edu.br\/unidades\/santaines\/wp-json\/wp\/v2\/posts\/12158\/revisions\/12163"}],"wp:featuredmedia":[{"embeddable":true,"href":"https:\/\/www.ifbaiano.edu.br\/unidades\/santaines\/wp-json\/wp\/v2\/media\/12160"}],"wp:attachment":[{"href":"https:\/\/www.ifbaiano.edu.br\/unidades\/santaines\/wp-json\/wp\/v2\/media?parent=12158"}],"wp:term":[{"taxonomy":"category","embeddable":true,"href":"https:\/\/www.ifbaiano.edu.br\/unidades\/santaines\/wp-json\/wp\/v2\/categories?post=12158"},{"taxonomy":"post_tag","embeddable":true,"href":"https:\/\/www.ifbaiano.edu.br\/unidades\/santaines\/wp-json\/wp\/v2\/tags?post=12158"}],"curies":[{"name":"wp","href":"https:\/\/api.w.org\/{rel}","templated":true}]}}