{"id":12164,"date":"2019-06-12T13:18:12","date_gmt":"2019-06-12T16:18:12","guid":{"rendered":"http:\/\/www.ifbaiano.edu.br\/unidades\/santaines\/?p=12164"},"modified":"2024-08-08T18:08:49","modified_gmt":"2024-08-08T21:08:49","slug":"estudantes-de-ciencias-biologicas-orientam-populacao-sobre-doencas-parasitarias","status":"publish","type":"post","link":"https:\/\/www.ifbaiano.edu.br\/unidades\/santaines\/estudantes-de-ciencias-biologicas-orientam-populacao-sobre-doencas-parasitarias\/","title":{"rendered":"Estudantes de Ci\u00eancias Biol\u00f3gicas orientam popula\u00e7\u00e3o sobre doen\u00e7as parasit\u00e1rias"},"content":{"rendered":"\n<p>Iniciativa desenvolvida h\u00e1 seis anos no&nbsp;<em>Campus<\/em>&nbsp;Santa In\u00eas do Instituto Federal Baiano (IF Baiano) vem estimulando a pr\u00e1tica da doc\u00eancia entre estudantes do curso de Licenciatura em Ci\u00eancias Biol\u00f3gicas. O projeto intitulado \u201cMostra Parasitol\u00f3gica: promovendo educa\u00e7\u00e3o e sa\u00fade\u201d tem tamb\u00e9m o objetivo de trazer orienta\u00e7\u00f5es \u00e0 comunidade da regi\u00e3o sobre doen\u00e7as causadas por parasitas.&nbsp;<br><\/p>\n\n\n\n<p>Este ano, j\u00e1 em sua s\u00e9tima edi\u00e7\u00e3o, o projeto, uma atividade extensionista proposto na disciplina \u201cParasitologia, ofertada no 7\u00ba semestre do curso, Parasitologia, visitou diversas escolas em munic\u00edpios do Vale do Jiquiri\u00e7\u00e1, envolvendo a participa\u00e7\u00e3o de estudantes do pr\u00e9-escolar a gradua\u00e7\u00e3o. Durante os meses de maio e abril, foram realizadas 12 mostras nos munic\u00edpios de Santa In\u00eas, Uba\u00edra e Cravol\u00e2ndia. Al\u00e9m das visitas \u00e0s escolas, nesta edi\u00e7\u00e3o, os estudantes ainda tiveram a oportunidade de expor seu trabalho a profissionais da Secretaria Municipal de Sa\u00fade em Uba\u00edra.\u00a0<br><\/p>\n\n\n\n<figure class=\"wp-block-image\"><img decoding=\"async\" src=\"http:\/\/ifbaiano.edu.br\/portal\/wp-content\/uploads\/2019\/06\/mostra-parasit-ifbaiano.jpeg\" alt=\"\" class=\"wp-image-12855\" \/><\/figure>\n\n\n\n<p>Sempre com o aux\u00edlio de p\u00f4steres, jogos e brincadeiras como m\u00e9todos did\u00e1ticos, os graduandos buscam apresentar, de forma mais leve, assuntos s\u00e9rios e muitas vezes, complexos, como s\u00e3o os que envolvem o universo da Parasitologia. Assim, quest\u00f5es como esquistossomose, leishmaniose, piolho, toxoplasmose, ameb\u00edases, tricomon\u00edase, doen\u00e7a de Chagas etc, que s\u00e3o comuns, mas pouco discutidas, s\u00e3o abordadas com a inten\u00e7\u00e3o de orientar o p\u00fablico sobre as causas, formas de infec\u00e7\u00e3o ou infesta\u00e7\u00e3o, medidas de preven\u00e7\u00e3o e controle, sintomas e riscos.&nbsp;<br><\/p>\n\n\n\n<p>Dessa forma, separados em duplas ou trios, os estudantes conseguem facilitar a absor\u00e7\u00e3o do conte\u00fado pelo p\u00fablico, que pode ter diferentes n\u00edveis de instru\u00e7\u00e3o. \u201cNesse ano de 2019, a minha turma estudou sete tipos de parasitas e, depois, fomos \u00e0s escolas de n\u00edvel fundamental, e at\u00e9 aos graduandos do pr\u00f3prio Instituto. E conseguimos ter um resultado de 100% de aprova\u00e7\u00e3o\u201d, relatou uma das graduandas do curso, Poliana Almeida, ressaltando a import\u00e2ncia da iniciativa em termos de sa\u00fade p\u00fablica. &nbsp;\u201cA sociedade precisa abrir os olhos porque v\u00e1rias doen\u00e7as, hoje, s\u00e3o \u2018mascaradas\u2019. T\u00eam [algumas doen\u00e7as de] parasitas que levam \u00e0 morte, mas que, muitas vezes, s\u00e3o confundidas com outros tipos de doen\u00e7as e quando se chega ao diagn\u00f3stico final, n\u00e3o h\u00e1 tempo para impedir o \u00f3bito\u201d.<br><\/p>\n\n\n\n<figure class=\"wp-block-gallery has-nested-images columns-default is-cropped wp-block-gallery-1 is-layout-flex\">\n<figure class=\"wp-block-image\"><img decoding=\"async\" loading=\"lazy\" width=\"1280\" height=\"960\" data-id=\"12166\"  src=\"https:\/\/www.ifbaiano.edu.br\/unidades\/santaines\/files\/2019\/06\/mostra-parasitologica-ifbaiano.jpeg\" alt=\"\" class=\"wp-image-12166\" \/><\/figure>\n\n\n\n<figure class=\"wp-block-image\"><img decoding=\"async\" loading=\"lazy\" width=\"1280\" height=\"960\" data-id=\"12167\"  src=\"https:\/\/www.ifbaiano.edu.br\/unidades\/santaines\/files\/2019\/06\/mostra-parasitologica-ifbaiano1.jpeg\" alt=\"\" class=\"wp-image-12167\" \/><\/figure>\n<\/figure>\n\n\n\n<p>Al\u00e9m da fun\u00e7\u00e3o de alertar a popula\u00e7\u00e3o sobre este problema, o projeto contribui para o exerc\u00edcio da pr\u00e1tica docente. Para a licencianda em Ci\u00eancias Biol\u00f3gicas, Eduarda Ferreira, participar do projeto foi muito importante para ajudar a compreender o processo de ensino-aprendizagem. \u201cA Mostra vem sendo um trabalho de grande valia para todos os envolvidos, principalmente para os licenciandos, pois temos a oportunidade de levar um pouco do conhecimento adquirido em sala de aula para estudantes de outras escolas. E essa troca de conhecimento \u00e9 essencial\u201d.<\/p>\n\n\n\n<p>\u201cOs estudantes de licenciatura vivenciam a experi\u00eancia da doc\u00eancia com diferentes p\u00fablicos, em diferentes unidades escolares, com diferentes profissionais e comunidade em geral. E esse p\u00fablico se sente estimulado a interagir com a gera\u00e7\u00e3o de futuros professores\u201d, comentou o professor da disciplina, Fred Juli\u00e3o, que \u00e9 tamb\u00e9m membro da Sociedade Brasileira de Parasitologia.&nbsp;<br><\/p>\n\n\n\n<p>\u201cPercebemos que os alunos tiveram aten\u00e7\u00e3o e absorveram todos os conte\u00fados de forma clara e levaram esse conhecimento para a sala de aula e para suas fam\u00edlias\u201d, comentou Maria de F\u00e1tima Santos, diretora de uma das escolas visitadas pelo projeto no munic\u00edpio de Santa In\u00eas.<br><\/p>\n","protected":false},"excerpt":{"rendered":"<p>O projeto intitulado \u201cMostra Parasitol\u00f3gica: promovendo educa\u00e7\u00e3o e sa\u00fade\u201d \u00e9 realizado h\u00e1 seis anos no Campus Santa In\u00eas.<\/p>\n","protected":false},"author":86,"featured_media":12165,"comment_status":"closed","ping_status":"closed","sticky":false,"template":"","format":"standard","meta":[],"categories":[4,10,57],"tags":[],"_links":{"self":[{"href":"https:\/\/www.ifbaiano.edu.br\/unidades\/santaines\/wp-json\/wp\/v2\/posts\/12164"}],"collection":[{"href":"https:\/\/www.ifbaiano.edu.br\/unidades\/santaines\/wp-json\/wp\/v2\/posts"}],"about":[{"href":"https:\/\/www.ifbaiano.edu.br\/unidades\/santaines\/wp-json\/wp\/v2\/types\/post"}],"author":[{"embeddable":true,"href":"https:\/\/www.ifbaiano.edu.br\/unidades\/santaines\/wp-json\/wp\/v2\/users\/86"}],"replies":[{"embeddable":true,"href":"https:\/\/www.ifbaiano.edu.br\/unidades\/santaines\/wp-json\/wp\/v2\/comments?post=12164"}],"version-history":[{"count":4,"href":"https:\/\/www.ifbaiano.edu.br\/unidades\/santaines\/wp-json\/wp\/v2\/posts\/12164\/revisions"}],"predecessor-version":[{"id":21828,"href":"https:\/\/www.ifbaiano.edu.br\/unidades\/santaines\/wp-json\/wp\/v2\/posts\/12164\/revisions\/21828"}],"wp:featuredmedia":[{"embeddable":true,"href":"https:\/\/www.ifbaiano.edu.br\/unidades\/santaines\/wp-json\/wp\/v2\/media\/12165"}],"wp:attachment":[{"href":"https:\/\/www.ifbaiano.edu.br\/unidades\/santaines\/wp-json\/wp\/v2\/media?parent=12164"}],"wp:term":[{"taxonomy":"category","embeddable":true,"href":"https:\/\/www.ifbaiano.edu.br\/unidades\/santaines\/wp-json\/wp\/v2\/categories?post=12164"},{"taxonomy":"post_tag","embeddable":true,"href":"https:\/\/www.ifbaiano.edu.br\/unidades\/santaines\/wp-json\/wp\/v2\/tags?post=12164"}],"curies":[{"name":"wp","href":"https:\/\/api.w.org\/{rel}","templated":true}]}}