{"id":12177,"date":"2019-07-04T10:34:56","date_gmt":"2019-07-04T13:34:56","guid":{"rendered":"http:\/\/www.ifbaiano.edu.br\/unidades\/santaines\/?p=12177"},"modified":"2019-07-16T11:20:13","modified_gmt":"2019-07-16T14:20:13","slug":"sisu-2019-2-campus-santa-ines-convoca-candidatos-da-lista-de-espera-para-reuniao","status":"publish","type":"post","link":"https:\/\/www.ifbaiano.edu.br\/unidades\/santaines\/sisu-2019-2-campus-santa-ines-convoca-candidatos-da-lista-de-espera-para-reuniao\/","title":{"rendered":"SiSU\/2019.2 &#8211; O Campus Santa In\u00eas Convoca os Candidatos da 2\u00aa (Segunda) Lista de Espera"},"content":{"rendered":"\n<h4 class=\"wp-block-heading\">O IF Baiano Campus Santa In\u00eas publica a lista os convocados para a <strong>Segunda  Chamada<\/strong> da lista de espera de candidatos SISU . <strong><a rel=\"noreferrer noopener\" aria-label=\"Acessem a 2\u00aa Lista de Convocados. (abre numa nova aba)\" href=\"http:\/\/concurso.ifbaiano.edu.br\/portal\/sisu20192\/wp-content\/uploads\/sites\/272\/2019\/06\/Classifica%C3%A7%C3%A3o-Lista-de-Espera-SI.pdf\" target=\"_blank\">Clique AQUI para acessar a Lista de Convocados.<\/a><\/strong><\/h4>\n\n\n\n<p>O IF Baiano Campus Santa In\u00eas publicou <strong><a href=\"http:\/\/concurso.ifbaiano.edu.br\/portal\/sisu20192\/wp-content\/uploads\/sites\/272\/2019\/07\/Convoca%C3%A7%C3%A3o-%E2%80%93-2%C2%AA-Chamada-da-Lista-de-espera-%E2%80%93-SANTA-IN%C3%8AS.pdf\">documento <\/a><\/strong>convocando os candidatos das listas de espera para cursos de gradua\u00e7\u00e3o ofertados atrav\u00e9s do Sistema de Sele\u00e7\u00e3o Unificada (SiSU) 2019 para reuni\u00e3o com o objetivo de preenchimento das vagas.<\/p>\n\n\n\n<p>Candidatos que est\u00e3o na lista de espera devem acessar as chamadas para reuni\u00e3o e matr\u00edcula no Campus<em>, <\/em>verificando\u00a0data e local para comparecimento e entrega da documenta\u00e7\u00e3o necess\u00e1ria \u00e0 matr\u00edcula no curso \u2013 conforme disposto no\u00a0<strong>Edital do SiSU<\/strong>.<\/p>\n\n\n\n<p>Durante   a   reuni\u00e3o   ser\u00e1   efetuada   a   chamada   nominal   dos  candidatos   inscritos   na   Lista   de   Espera   dos respectivos cursos, para a realiza\u00e7\u00e3o da matr\u00edcula, pela ordem de classifica\u00e7\u00e3o no SiSU em sua modalidade de concorr\u00eancia, at\u00e9 que todas as vagas dispon\u00edveis sejam completadas ou que n\u00e3o haja mais candidatos aptos presentes.<\/p>\n\n\n\n<p>Na   reuni\u00e3o,  os  candidatos  chamados  devem   portar   a  documenta\u00e7\u00e3o  necess\u00e1ria   \u00e0  matr\u00edcula   no  curso  conforme <a href=\"http:\/\/concurso.ifbaiano.edu.br\/portal\/sisu20192\/wp-content\/uploads\/sites\/272\/2019\/06\/29.-Edital-SISU-2019.2.pdf\">Edital n\u00ba. 61, de 09 de maio de 2019<\/a>. <\/p>\n\n\n\n<p><strong><a href=\"http:\/\/concurso.ifbaiano.edu.br\/portal\/sisu20192\/\">Clique aqui e veja mais not\u00edcias sobre o SiSU 2019.2<\/a><\/strong><\/p>\n","protected":false},"excerpt":{"rendered":"<p>Candidatos devem verificar data e local para comparecimento e entrega da documenta\u00e7\u00e3o necess\u00e1ria \u00e0 matr\u00edcula<\/p>\n","protected":false},"author":86,"featured_media":12067,"comment_status":"closed","ping_status":"closed","sticky":false,"template":"","format":"standard","meta":[],"categories":[4,12,5,10,8],"tags":[],"_links":{"self":[{"href":"https:\/\/www.ifbaiano.edu.br\/unidades\/santaines\/wp-json\/wp\/v2\/posts\/12177"}],"collection":[{"href":"https:\/\/www.ifbaiano.edu.br\/unidades\/santaines\/wp-json\/wp\/v2\/posts"}],"about":[{"href":"https:\/\/www.ifbaiano.edu.br\/unidades\/santaines\/wp-json\/wp\/v2\/types\/post"}],"author":[{"embeddable":true,"href":"https:\/\/www.ifbaiano.edu.br\/unidades\/santaines\/wp-json\/wp\/v2\/users\/86"}],"replies":[{"embeddable":true,"href":"https:\/\/www.ifbaiano.edu.br\/unidades\/santaines\/wp-json\/wp\/v2\/comments?post=12177"}],"version-history":[{"count":12,"href":"https:\/\/www.ifbaiano.edu.br\/unidades\/santaines\/wp-json\/wp\/v2\/posts\/12177\/revisions"}],"predecessor-version":[{"id":12253,"href":"https:\/\/www.ifbaiano.edu.br\/unidades\/santaines\/wp-json\/wp\/v2\/posts\/12177\/revisions\/12253"}],"wp:featuredmedia":[{"embeddable":true,"href":"https:\/\/www.ifbaiano.edu.br\/unidades\/santaines\/wp-json\/wp\/v2\/media\/12067"}],"wp:attachment":[{"href":"https:\/\/www.ifbaiano.edu.br\/unidades\/santaines\/wp-json\/wp\/v2\/media?parent=12177"}],"wp:term":[{"taxonomy":"category","embeddable":true,"href":"https:\/\/www.ifbaiano.edu.br\/unidades\/santaines\/wp-json\/wp\/v2\/categories?post=12177"},{"taxonomy":"post_tag","embeddable":true,"href":"https:\/\/www.ifbaiano.edu.br\/unidades\/santaines\/wp-json\/wp\/v2\/tags?post=12177"}],"curies":[{"name":"wp","href":"https:\/\/api.w.org\/{rel}","templated":true}]}}