{"id":12212,"date":"2019-07-09T09:10:27","date_gmt":"2019-07-09T12:10:27","guid":{"rendered":"http:\/\/www.ifbaiano.edu.br\/unidades\/santaines\/?p=12212"},"modified":"2019-07-09T09:10:27","modified_gmt":"2019-07-09T12:10:27","slug":"campus-santa-ines-publica-lista-de-candidatos-segunda-chamada-curso-tecnico-subsequente-em-vendas-ead","status":"publish","type":"post","link":"https:\/\/www.ifbaiano.edu.br\/unidades\/santaines\/campus-santa-ines-publica-lista-de-candidatos-segunda-chamada-curso-tecnico-subsequente-em-vendas-ead\/","title":{"rendered":"Campus Santa In\u00eas publica lista de candidatos &#8211;  segunda chamada &#8211; Curso T\u00e9cnico Subsequente em Vendas EaD"},"content":{"rendered":"\n<figure class=\"wp-block-image\"><img decoding=\"async\" loading=\"lazy\" width=\"1080\" height=\"1080\" src=\"http:\/\/www.ifbaiano.edu.br\/unidades\/santaines\/files\/2019\/06\/chamada-matricula-vendas-2019.jpg\" alt=\"\" class=\"wp-image-12190\" \/><\/figure>\n\n\n\n<p>O IF Baiano Campus Santa In\u00eas, de acordo com o Edital n\u00ba 55, de 25 de Abril de 2019, publica a listagem dos candidatos APTOS a realizarem matr\u00edcula. A mesma ser\u00e1 realizada na Secretaria do Campus nos dias 08 e 09\/07\/2019, das 08h \u00e0s 11h e das 13h \u00e0s 16h. Os candidatos dever\u00e3o estar portando todos os documentos necess\u00e1rios. <\/p>\n\n\n\n<p><strong>Para acesso a lista dos candidatos aptos \u00e0 matr\u00edcula, <a href=\"http:\/\/www.ifbaiano.edu.br\/unidades\/santaines\/files\/2019\/07\/Lista-de-Segunda-chamada-Vendas-EAD.pdf\">CLIQUE AQUI<\/a><\/strong><\/p>\n\n\n\n<p>Para mais informa\u00e7\u00f5es referentes ao curso acesse a <strong><a href=\"http:\/\/concurso.ifbaiano.edu.br\/portal\/ead-vendas-maio-2019\/\">P\u00e1gina <\/a><\/strong><\/p>\n","protected":false},"excerpt":{"rendered":"<p>Matr\u00edculas: dias 08 e 09\/07\/2019<\/p>\n","protected":false},"author":86,"featured_media":12190,"comment_status":"closed","ping_status":"closed","sticky":false,"template":"","format":"standard","meta":[],"categories":[4,13,10,8,57],"tags":[],"_links":{"self":[{"href":"https:\/\/www.ifbaiano.edu.br\/unidades\/santaines\/wp-json\/wp\/v2\/posts\/12212"}],"collection":[{"href":"https:\/\/www.ifbaiano.edu.br\/unidades\/santaines\/wp-json\/wp\/v2\/posts"}],"about":[{"href":"https:\/\/www.ifbaiano.edu.br\/unidades\/santaines\/wp-json\/wp\/v2\/types\/post"}],"author":[{"embeddable":true,"href":"https:\/\/www.ifbaiano.edu.br\/unidades\/santaines\/wp-json\/wp\/v2\/users\/86"}],"replies":[{"embeddable":true,"href":"https:\/\/www.ifbaiano.edu.br\/unidades\/santaines\/wp-json\/wp\/v2\/comments?post=12212"}],"version-history":[{"count":1,"href":"https:\/\/www.ifbaiano.edu.br\/unidades\/santaines\/wp-json\/wp\/v2\/posts\/12212\/revisions"}],"predecessor-version":[{"id":12214,"href":"https:\/\/www.ifbaiano.edu.br\/unidades\/santaines\/wp-json\/wp\/v2\/posts\/12212\/revisions\/12214"}],"wp:featuredmedia":[{"embeddable":true,"href":"https:\/\/www.ifbaiano.edu.br\/unidades\/santaines\/wp-json\/wp\/v2\/media\/12190"}],"wp:attachment":[{"href":"https:\/\/www.ifbaiano.edu.br\/unidades\/santaines\/wp-json\/wp\/v2\/media?parent=12212"}],"wp:term":[{"taxonomy":"category","embeddable":true,"href":"https:\/\/www.ifbaiano.edu.br\/unidades\/santaines\/wp-json\/wp\/v2\/categories?post=12212"},{"taxonomy":"post_tag","embeddable":true,"href":"https:\/\/www.ifbaiano.edu.br\/unidades\/santaines\/wp-json\/wp\/v2\/tags?post=12212"}],"curies":[{"name":"wp","href":"https:\/\/api.w.org\/{rel}","templated":true}]}}