{"id":12219,"date":"2019-07-10T17:21:24","date_gmt":"2019-07-10T20:21:24","guid":{"rendered":"http:\/\/www.ifbaiano.edu.br\/unidades\/santaines\/?p=12219"},"modified":"2019-07-10T17:27:06","modified_gmt":"2019-07-10T20:27:06","slug":"campus-santa-ines-divulga-chamada-publica-de-matriculas-para-o-curso-tecnico-subsequente-em-vendas-ead","status":"publish","type":"post","link":"https:\/\/www.ifbaiano.edu.br\/unidades\/santaines\/campus-santa-ines-divulga-chamada-publica-de-matriculas-para-o-curso-tecnico-subsequente-em-vendas-ead\/","title":{"rendered":"Campus Santa In\u00eas divulga Chamada P\u00fablica de Matr\u00edculas para o Curso T\u00e9cnico Subsequente em Vendas &#8211; EaD"},"content":{"rendered":"\n<figure class=\"wp-block-image\"><img decoding=\"async\" loading=\"lazy\" width=\"595\" height=\"595\" src=\"http:\/\/www.ifbaiano.edu.br\/unidades\/santaines\/files\/2019\/07\/Terceira-Chamada.jpg\" alt=\"\" class=\"wp-image-12220\" \/><\/figure>\n\n\n\n<p> O Diretor Geral do IF Baiano <em>Campus<\/em> Santa In\u00eas divulga a <strong>Chamada P\u00fablica de<\/strong> <strong>Matr\u00edculas do Processo Seletivo 2019.2, <\/strong>para o curso <strong>T\u00e9cnico em Vendas &#8211; Subsequente<\/strong>, na modalidade EAD, conforme Edital n\u00ba 55, de 25 de abril de 2019 e convoca o quantitativo de candidatos referentes a 5 (cinco) vezes o n\u00famero de vagas ainda existentes (vagas remanescentes), que ser\u00e3o pr\u00e9 &#8211; matriculados pela ordem de classifica\u00e7\u00e3o at\u00e9 o preenchimento das vagas.<\/p>\n\n\n\n<p> <strong>Todos os candidatos convocados para pleitear a vaga na Chamada P\u00fablica (3\u00aa chamada), devem comparecer ao local no hor\u00e1rio discriminado e munidos de todos os documentos exigidos para realiza\u00e7\u00e3o da matr\u00edcula.<\/strong><\/p>\n\n\n\n<p><strong><a href=\"http:\/\/www.ifbaiano.edu.br\/unidades\/santaines\/files\/2019\/07\/Chamada-P\u00fablica-de-Matr\u00edcula-3\u00aa-Chamada-VENDAS.pdf\">Clique AQUI para acessar o documento de convoca\u00e7\u00e3o e ver quadro de Vagas.<\/a><\/strong><\/p>\n","protected":false},"excerpt":{"rendered":"<p>O Diretor Geral do IF Baiano Campus Santa In\u00eas divulga a Chamada P\u00fablica de Matr\u00edculas do Processo Seletivo 2019.2, para o curso T\u00e9cnico em Vendas &#8211; Subsequente, na modalidade EAD, conforme Edital n\u00ba 55, de 25 de abril de 2019 e convoca o quantitativo de candidatos referentes a 5 (cinco) vezes o n\u00famero de vagas [&hellip;]<\/p>\n","protected":false},"author":86,"featured_media":12220,"comment_status":"closed","ping_status":"closed","sticky":false,"template":"","format":"standard","meta":[],"categories":[4,13,10,8,57],"tags":[],"_links":{"self":[{"href":"https:\/\/www.ifbaiano.edu.br\/unidades\/santaines\/wp-json\/wp\/v2\/posts\/12219"}],"collection":[{"href":"https:\/\/www.ifbaiano.edu.br\/unidades\/santaines\/wp-json\/wp\/v2\/posts"}],"about":[{"href":"https:\/\/www.ifbaiano.edu.br\/unidades\/santaines\/wp-json\/wp\/v2\/types\/post"}],"author":[{"embeddable":true,"href":"https:\/\/www.ifbaiano.edu.br\/unidades\/santaines\/wp-json\/wp\/v2\/users\/86"}],"replies":[{"embeddable":true,"href":"https:\/\/www.ifbaiano.edu.br\/unidades\/santaines\/wp-json\/wp\/v2\/comments?post=12219"}],"version-history":[{"count":2,"href":"https:\/\/www.ifbaiano.edu.br\/unidades\/santaines\/wp-json\/wp\/v2\/posts\/12219\/revisions"}],"predecessor-version":[{"id":12223,"href":"https:\/\/www.ifbaiano.edu.br\/unidades\/santaines\/wp-json\/wp\/v2\/posts\/12219\/revisions\/12223"}],"wp:featuredmedia":[{"embeddable":true,"href":"https:\/\/www.ifbaiano.edu.br\/unidades\/santaines\/wp-json\/wp\/v2\/media\/12220"}],"wp:attachment":[{"href":"https:\/\/www.ifbaiano.edu.br\/unidades\/santaines\/wp-json\/wp\/v2\/media?parent=12219"}],"wp:term":[{"taxonomy":"category","embeddable":true,"href":"https:\/\/www.ifbaiano.edu.br\/unidades\/santaines\/wp-json\/wp\/v2\/categories?post=12219"},{"taxonomy":"post_tag","embeddable":true,"href":"https:\/\/www.ifbaiano.edu.br\/unidades\/santaines\/wp-json\/wp\/v2\/tags?post=12219"}],"curies":[{"name":"wp","href":"https:\/\/api.w.org\/{rel}","templated":true}]}}