{"id":12224,"date":"2019-07-11T11:10:23","date_gmt":"2019-07-11T14:10:23","guid":{"rendered":"http:\/\/www.ifbaiano.edu.br\/unidades\/santaines\/?p=12224"},"modified":"2019-07-11T11:17:24","modified_gmt":"2019-07-11T14:17:24","slug":"campus-santa-ines-oferece-cursos-de-qualificacao-profissional","status":"publish","type":"post","link":"https:\/\/www.ifbaiano.edu.br\/unidades\/santaines\/campus-santa-ines-oferece-cursos-de-qualificacao-profissional\/","title":{"rendered":"Campus Santa In\u00eas Oferece Cursos de Qualifica\u00e7\u00e3o Profissional"},"content":{"rendered":"\n<figure class=\"wp-block-image\"><img decoding=\"async\" loading=\"lazy\" width=\"718\" height=\"380\" src=\"http:\/\/www.ifbaiano.edu.br\/unidades\/santaines\/files\/2019\/07\/fic-site-.gif\" alt=\"\" class=\"wp-image-12235\" \/><\/figure>\n\n\n\n<p>Na \u00faltima ter\u00e7a-feira (09), o IF Baiano divulgou edital com 80 vagas para cursos de Qualifica\u00e7\u00e3o Profissional, modalidade Forma\u00e7\u00e3o Inicial e Continuada (FIC), no <em>campus<\/em> Santa In\u00eas. As qualifica\u00e7\u00f5es s\u00e3o: Operador de Computador,  Editor de Projeto Visual Gr\u00e1fico e  Aulas pr\u00e1ticas de viol\u00e3o. As inscri\u00e7\u00f5es s\u00e3o presenciais e gratuitas, a serem realizadas,  com  aux\u00edlio  de  um  servidor, no per\u00edodo de  24  a 26  de  julho,  das  8h  \u00e0s  11h  e  das 14h \u00e0s 18h, na sala da Coordena\u00e7\u00e3o de Pesquisa e Extens\u00e3o, Pavilh\u00e3o Pedag\u00f3gico . Os interessados devem estar atentos \u00e0s datas e aos locais de inscri\u00e7\u00f5es.<\/p>\n\n\n\n<p>O candidato deve realizar apenas uma inscri\u00e7\u00e3o. O crit\u00e9rio de sele\u00e7\u00e3o dos candidatos ser\u00e1 a ordem de inscri\u00e7\u00e3o. A carga hor\u00e1ria varia de curso para curso. O mais curto \u00e9 de 40h e o mais longo de 56h. Os interessados devem consultar os pr\u00e9-requisitos espec\u00edficos para cada qualifica\u00e7\u00e3o e demais informa\u00e7\u00f5es no edital dispon\u00edvel no <a href=\"http:\/\/concurso.ifbaiano.edu.br\/portal\/fic-santa-ines-julho-2019\/\">portal do IF Baiano.<\/a><\/p>\n","protected":false},"excerpt":{"rendered":"<p>As inscri\u00e7\u00f5es s\u00e3o presenciais e gratuitas, no per\u00edodo de  24  a 26  de  julho<\/p>\n","protected":false},"author":86,"featured_media":12238,"comment_status":"closed","ping_status":"closed","sticky":false,"template":"","format":"standard","meta":[],"categories":[4,10,8,57],"tags":[],"_links":{"self":[{"href":"https:\/\/www.ifbaiano.edu.br\/unidades\/santaines\/wp-json\/wp\/v2\/posts\/12224"}],"collection":[{"href":"https:\/\/www.ifbaiano.edu.br\/unidades\/santaines\/wp-json\/wp\/v2\/posts"}],"about":[{"href":"https:\/\/www.ifbaiano.edu.br\/unidades\/santaines\/wp-json\/wp\/v2\/types\/post"}],"author":[{"embeddable":true,"href":"https:\/\/www.ifbaiano.edu.br\/unidades\/santaines\/wp-json\/wp\/v2\/users\/86"}],"replies":[{"embeddable":true,"href":"https:\/\/www.ifbaiano.edu.br\/unidades\/santaines\/wp-json\/wp\/v2\/comments?post=12224"}],"version-history":[{"count":3,"href":"https:\/\/www.ifbaiano.edu.br\/unidades\/santaines\/wp-json\/wp\/v2\/posts\/12224\/revisions"}],"predecessor-version":[{"id":12342,"href":"https:\/\/www.ifbaiano.edu.br\/unidades\/santaines\/wp-json\/wp\/v2\/posts\/12224\/revisions\/12342"}],"wp:featuredmedia":[{"embeddable":true,"href":"https:\/\/www.ifbaiano.edu.br\/unidades\/santaines\/wp-json\/wp\/v2\/media\/12238"}],"wp:attachment":[{"href":"https:\/\/www.ifbaiano.edu.br\/unidades\/santaines\/wp-json\/wp\/v2\/media?parent=12224"}],"wp:term":[{"taxonomy":"category","embeddable":true,"href":"https:\/\/www.ifbaiano.edu.br\/unidades\/santaines\/wp-json\/wp\/v2\/categories?post=12224"},{"taxonomy":"post_tag","embeddable":true,"href":"https:\/\/www.ifbaiano.edu.br\/unidades\/santaines\/wp-json\/wp\/v2\/tags?post=12224"}],"curies":[{"name":"wp","href":"https:\/\/api.w.org\/{rel}","templated":true}]}}