{"id":12240,"date":"2019-08-01T11:27:15","date_gmt":"2019-08-01T14:27:15","guid":{"rendered":"http:\/\/www.ifbaiano.edu.br\/unidades\/santaines\/?p=12240"},"modified":"2019-08-01T14:29:20","modified_gmt":"2019-08-01T17:29:20","slug":"campus-santa-ines-faz-selecao-de-monitores-voluntarios-para-os-cursos-superiores","status":"publish","type":"post","link":"https:\/\/www.ifbaiano.edu.br\/unidades\/santaines\/campus-santa-ines-faz-selecao-de-monitores-voluntarios-para-os-cursos-superiores\/","title":{"rendered":"Campus Santa In\u00eas seleciona Monitores Volunt\u00e1rios para os Cursos Superiores"},"content":{"rendered":"\n<p>O Diretor-Geral do IF Baiano <em>Campus <\/em>Santa In\u00eas, torna p\u00fablico Edital de Sele\u00e7\u00e3o de Monitores Volunt\u00e1rios dos Cursos Superiores do IF Baiano <em>Campus<\/em> Santa In\u00eas.  <\/p>\n\n\n\n<p>S\u00e3o disponibilizadas  19 vagas de monitoria volunt\u00e1ria.  As inscri\u00e7\u00f5es no Processo Seletivo ser\u00e3o realizadas na sala das Coordena\u00e7\u00f5es de Cursos Superiores do <em>Campus<\/em> de Santa In\u00eas, no per\u00edodo de 12 \u00e0 17 de Julho de 2019, nos hor\u00e1rios de 08h30min \u00e0s 12h00min, 13h30min \u00e0s 17h30min e 19h30min \u00e0s 22h00min, ou via e-mail at\u00e9 23 horas e 59 min do dia 17 de Julho de 2019, pelo e-mail: <strong>selecaomonitoria@si.ifbaiano.edu.br<\/strong>, com os documentos elencados no Edital e em conformidade com o mesmo.<\/p>\n\n\n\n<p>A monitoria volunt\u00e1ria  ter\u00e1 dura\u00e7\u00e3o de 01 (um) per\u00edodo letivo, condicionada \u00e0 avalia\u00e7\u00e3o individual que ser\u00e1 realizada pelo docente orientador e dever\u00e1 ser desenvolvida com carga hor\u00e1ria de 08 (oito) horas semanais, sendo 2\/3 desta carga hor\u00e1ria cumprida, obrigatoriamente, no <em>Campus<\/em><\/p>\n\n\n\n<p>O Programa de Monitoria destinado aos Cursos Superiores, visa \u00e0 sele\u00e7\u00e3o de estudantes devidamente matriculados nos Cursos de Licenciatura em Ci\u00eancias Biol\u00f3gicas, Licenciatura em Geografia e Bacharelado em Zootecnia do <em>Campus.<\/em><\/p>\n\n\n\n<p>As monitorias ser\u00e3o realizadas a partir de disciplinas relacionadas \u00e0s \u00e1reas de conhecimento dos referidos Cursos e dever\u00e1 estar vinculada a um ou mais docente(s) orientador(es). A condi\u00e7\u00e3o de monitor volunt\u00e1rio dever\u00e1 ser exercida pelo discente matriculado no Curso ao qual a monitoria est\u00e1 vinculada, exceto para disciplinas comuns \u00e0s licenciaturas. Os demais discentes poder\u00e3o integrar-se \u00e0s atividades desenvolvidas pelas monitorias, na condi\u00e7\u00e3o de participantes.  <\/p>\n\n\n\n<p>Todas as demais informa\u00e7\u00f5es est\u00e3o descritas no <a href=\"http:\/\/www.ifbaiano.edu.br\/unidades\/santaines\/files\/2019\/07\/EDITAL-MONITORIA-2019.1.pdf\">Edital de sele\u00e7\u00e3o. <strong>CLIQUE AQUI.<\/strong><\/a><\/p>\n\n\n\n<p><strong><a href=\"http:\/\/www.ifbaiano.edu.br\/unidades\/santaines\/files\/2019\/07\/Quadro-de-vaga-Monitoria-2019.1.pdf\">Quadro de Vagas para Monitoria (documento Atualizado 12\/07)<\/a><\/strong><\/p>\n\n\n\n<p><strong><a href=\"http:\/\/www.ifbaiano.edu.br\/unidades\/santaines\/files\/2019\/07\/Quadro-de-vaga-Monitoria-2019.1-Atualizado.pdf\">Quadro de Vagas para Monitoria (documento Atualizado 16\/07)<\/a><\/strong><\/p>\n\n\n\n<p><strong><a href=\"http:\/\/www.ifbaiano.edu.br\/unidades\/santaines\/files\/2019\/07\/inscricoes-homologadas-Edital-11-de-2019-1.pdf\">Inscri\u00e7\u00f5es Homologadas<\/a><\/strong>  &#8211; Aten\u00e7\u00e3o! 24 horas \u00e9 o prazo para interposi\u00e7\u00e3o de recurso feito  conforme modelo de formul\u00e1rio para recurso (anexo V do Edital), com argumenta\u00e7\u00e3o l\u00f3gica e consistente que fundamente a solicita\u00e7\u00e3o.  O mesmo dever\u00e1 ser encaminhado via e-mail para selecaomonitoria@si.ifbaiano.edu <\/p>\n\n\n\n<p><a href=\"http:\/\/www.ifbaiano.edu.br\/unidades\/santaines\/files\/2019\/07\/Resultado-1a-etapa-Monitoria-2019.1.pdf\"><strong>Resultado da 1\u00aa Etapa de Sele\u00e7\u00e3o<\/strong><\/a><\/p>\n\n\n\n<p><strong><a href=\"http:\/\/www.ifbaiano.edu.br\/unidades\/santaines\/files\/2019\/08\/Resultado-final_Monitoria-2019.1.pdf\">Resultado Final<\/a><\/strong><a href=\"http:\/\/www.ifbaiano.edu.br\/unidades\/santaines\/files\/2019\/08\/Resultado-final_Monitoria-2019.1.pdf\"> <\/a>&#8211; Aten\u00e7\u00e3o! A assinatura do Termo de Compromisso ser\u00e1 na Diretoria Acad\u00eamica do Campus nos dias 05 e 06 de Agosto de 2019. <\/p>\n\n\n<hr>\n<p><\/p>","protected":false},"excerpt":{"rendered":"<p>Inscri\u00e7\u00f5es no per\u00edodo de 12 \u00e0 17 de Julho de 2019<\/p>\n","protected":false},"author":86,"featured_media":12242,"comment_status":"closed","ping_status":"closed","sticky":false,"template":"","format":"standard","meta":[],"categories":[4,38,12,10,8,57],"tags":[],"_links":{"self":[{"href":"https:\/\/www.ifbaiano.edu.br\/unidades\/santaines\/wp-json\/wp\/v2\/posts\/12240"}],"collection":[{"href":"https:\/\/www.ifbaiano.edu.br\/unidades\/santaines\/wp-json\/wp\/v2\/posts"}],"about":[{"href":"https:\/\/www.ifbaiano.edu.br\/unidades\/santaines\/wp-json\/wp\/v2\/types\/post"}],"author":[{"embeddable":true,"href":"https:\/\/www.ifbaiano.edu.br\/unidades\/santaines\/wp-json\/wp\/v2\/users\/86"}],"replies":[{"embeddable":true,"href":"https:\/\/www.ifbaiano.edu.br\/unidades\/santaines\/wp-json\/wp\/v2\/comments?post=12240"}],"version-history":[{"count":10,"href":"https:\/\/www.ifbaiano.edu.br\/unidades\/santaines\/wp-json\/wp\/v2\/posts\/12240\/revisions"}],"predecessor-version":[{"id":12337,"href":"https:\/\/www.ifbaiano.edu.br\/unidades\/santaines\/wp-json\/wp\/v2\/posts\/12240\/revisions\/12337"}],"wp:featuredmedia":[{"embeddable":true,"href":"https:\/\/www.ifbaiano.edu.br\/unidades\/santaines\/wp-json\/wp\/v2\/media\/12242"}],"wp:attachment":[{"href":"https:\/\/www.ifbaiano.edu.br\/unidades\/santaines\/wp-json\/wp\/v2\/media?parent=12240"}],"wp:term":[{"taxonomy":"category","embeddable":true,"href":"https:\/\/www.ifbaiano.edu.br\/unidades\/santaines\/wp-json\/wp\/v2\/categories?post=12240"},{"taxonomy":"post_tag","embeddable":true,"href":"https:\/\/www.ifbaiano.edu.br\/unidades\/santaines\/wp-json\/wp\/v2\/tags?post=12240"}],"curies":[{"name":"wp","href":"https:\/\/api.w.org\/{rel}","templated":true}]}}