{"id":12252,"date":"2019-07-16T11:30:57","date_gmt":"2019-07-16T14:30:57","guid":{"rendered":"http:\/\/www.ifbaiano.edu.br\/unidades\/santaines\/?p=12252"},"modified":"2019-07-17T07:37:31","modified_gmt":"2019-07-17T10:37:31","slug":"matriculas-para-vagas-remanescentes-do-curso-de-vendas-ead","status":"publish","type":"post","link":"https:\/\/www.ifbaiano.edu.br\/unidades\/santaines\/matriculas-para-vagas-remanescentes-do-curso-de-vendas-ead\/","title":{"rendered":"Chamada P\u00fablica de Matr\u00edculas para vagas remanescentes do Curso de Vendas EaD"},"content":{"rendered":"\n<p>O Diretor-Geral do IF Baiano <em>Campus<\/em> Santa In\u00eas, divulga nova <strong>Chamada P\u00fablica de<\/strong> <strong>Matr\u00edculas para vagas remanescentes do Processo Seletivo 2019.2, <\/strong>para o curso <strong>T\u00e9cnico em Vendas &#8211; Subsequente<\/strong>, na modalidade EAD, conforme Edital n\u00ba 55, de 25 de abril de 2019.<\/p>\n\n\n\n<p>S\u00e3o 23 (vinte e tr\u00eas) vagas que ser\u00e3o preenchidas mediante manifesta\u00e7\u00e3o presencial de interesse e os candidatos ser\u00e3o selecionados por ordem de chegada durante uma reuni\u00e3o no Audit\u00f3rio do <em>Campus<\/em> Santa In\u00eas, que acontecer\u00e1 no dia 17\/07\/2019, \u00e0s 09:45 (ap\u00f3s este hor\u00e1rio n\u00e3o ter\u00e3o direito a pleitear a vaga), no AUDIT\u00d3RIO DA BIBLIOTECA do Instituto Federal de Educa\u00e7\u00e3o, Ci\u00eancia e Tecnologia Baiano &#8211; <em>Campus<\/em> Santa In\u00eas, Rodovia BR 420 Km 2,5, S\/N &#8211; Zona Rural &#8211; Santa In\u00eas\/BA.<\/p>\n\n\n\n<p>Ap\u00f3s a reuni\u00e3o e sele\u00e7\u00e3o, os candidatos ser\u00e3o direcionados para a Secretaria do <em>Campus<\/em> para efetuarem suas matr\u00edculas.<\/p>\n\n\n\n<p><strong>Todos os candidatos interessados em pleitear a vaga na Chamada P\u00fablica para vagas remanescentes, devem comparecer ao local no hor\u00e1rio discriminado e munidos de todos os documentos exigidos para realiza\u00e7\u00e3o da matr\u00edcula.<\/strong><\/p>\n\n\n\n<p><a href=\"http:\/\/www.ifbaiano.edu.br\/unidades\/santaines\/files\/2019\/07\/Chamada-P\u00fablica-EaD-Vendas.pdf\">Clique <\/a><strong><a href=\"http:\/\/www.ifbaiano.edu.br\/unidades\/santaines\/files\/2019\/07\/Chamada-P\u00fablica-EaD-Vendas.pdf\">AQUI <\/a><\/strong><a href=\"http:\/\/www.ifbaiano.edu.br\/unidades\/santaines\/files\/2019\/07\/Chamada-P\u00fablica-EaD-Vendas.pdf\">para acessar o documento.<\/a><\/p>\n\n\n\n<p>Para mais informa\u00e7\u00f5es referentes ao curso acesse a <strong><a href=\"http:\/\/concurso.ifbaiano.edu.br\/portal\/ead-vendas-maio-2019\/\">P\u00e1gina.<\/a><\/strong><\/p>\n","protected":false},"excerpt":{"rendered":"<p>A Chamada P\u00fablica acontece no dia 17\/07\/2019, \u00e0s 09h45min, no AUDIT\u00d3RIO DA BIBLIOTECA do IF Baiano Campus Santa In\u00eas<\/p>\n","protected":false},"author":86,"featured_media":12254,"comment_status":"closed","ping_status":"closed","sticky":false,"template":"","format":"standard","meta":[],"categories":[4,13,10,8,57],"tags":[],"_links":{"self":[{"href":"https:\/\/www.ifbaiano.edu.br\/unidades\/santaines\/wp-json\/wp\/v2\/posts\/12252"}],"collection":[{"href":"https:\/\/www.ifbaiano.edu.br\/unidades\/santaines\/wp-json\/wp\/v2\/posts"}],"about":[{"href":"https:\/\/www.ifbaiano.edu.br\/unidades\/santaines\/wp-json\/wp\/v2\/types\/post"}],"author":[{"embeddable":true,"href":"https:\/\/www.ifbaiano.edu.br\/unidades\/santaines\/wp-json\/wp\/v2\/users\/86"}],"replies":[{"embeddable":true,"href":"https:\/\/www.ifbaiano.edu.br\/unidades\/santaines\/wp-json\/wp\/v2\/comments?post=12252"}],"version-history":[{"count":3,"href":"https:\/\/www.ifbaiano.edu.br\/unidades\/santaines\/wp-json\/wp\/v2\/posts\/12252\/revisions"}],"predecessor-version":[{"id":12258,"href":"https:\/\/www.ifbaiano.edu.br\/unidades\/santaines\/wp-json\/wp\/v2\/posts\/12252\/revisions\/12258"}],"wp:featuredmedia":[{"embeddable":true,"href":"https:\/\/www.ifbaiano.edu.br\/unidades\/santaines\/wp-json\/wp\/v2\/media\/12254"}],"wp:attachment":[{"href":"https:\/\/www.ifbaiano.edu.br\/unidades\/santaines\/wp-json\/wp\/v2\/media?parent=12252"}],"wp:term":[{"taxonomy":"category","embeddable":true,"href":"https:\/\/www.ifbaiano.edu.br\/unidades\/santaines\/wp-json\/wp\/v2\/categories?post=12252"},{"taxonomy":"post_tag","embeddable":true,"href":"https:\/\/www.ifbaiano.edu.br\/unidades\/santaines\/wp-json\/wp\/v2\/tags?post=12252"}],"curies":[{"name":"wp","href":"https:\/\/api.w.org\/{rel}","templated":true}]}}