{"id":12259,"date":"2019-08-01T11:25:00","date_gmt":"2019-08-01T14:25:00","guid":{"rendered":"http:\/\/www.ifbaiano.edu.br\/unidades\/santaines\/?p=12259"},"modified":"2019-08-07T13:25:55","modified_gmt":"2019-08-07T16:25:55","slug":"campus-santa-ines-publica-edital-para-preenchimento-de-vagas-ociosas-no-curso-tecnico-em-informatica-subsequente-ao-ensino-medio","status":"publish","type":"post","link":"https:\/\/www.ifbaiano.edu.br\/unidades\/santaines\/campus-santa-ines-publica-edital-para-preenchimento-de-vagas-ociosas-no-curso-tecnico-em-informatica-subsequente-ao-ensino-medio\/","title":{"rendered":"Chamada P\u00fablica para preenchimento de vagas ociosas no curso T\u00e9cnico em Inform\u00e1tica Subsequente ao Ensino M\u00e9dio"},"content":{"rendered":"\n<p>O Diretor-Geral do IF Baiano campus Santa In\u00eas, torna p\u00fablico Edital para <strong>preenchimento de vagas ociosas<\/strong> ofertadas no Edital n\u00ba 26, de 11 de mar\u00e7o de 2019 e suas respectivas retifica\u00e7\u00f5es, <strong>no curso T\u00e9cnico em Inform\u00e1tica Subsequente ao Ensino M\u00e9dio para ingresso no segundo semestre letivo de 2019, por meio de Manifesta\u00e7\u00e3o de Interesse na vaga, diretamente no campus Santa In\u00eas<\/strong><\/p>\n\n\n\n<p>Os cursos T\u00e9cnicos de N\u00edvel M\u00e9dio na forma SUBSEQUENTE s\u00e3o destinados aos candidatos que j\u00e1 conclu\u00edram o Ensino M\u00e9dio. <\/p>\n\n\n\n<p>A sele\u00e7\u00e3o ser\u00e1 realizada mediante manifesta\u00e7\u00e3o presencial de interesse na vaga por meio de preenchimento da declara\u00e7\u00e3o constante no Edital, diretamente no campus onde o curso ser\u00e1 ofertado. A classifica\u00e7\u00e3o e sele\u00e7\u00e3o dos candidatos dar-se-\u00e1 por meio de ordem de chegada, mediante distribui\u00e7\u00e3o de senha, <strong>no dia 05 de agosto de 2019<\/strong>, no hor\u00e1rio de 08:00 \u00e0s 11:00 e 14:00 \u00e0s 17:00, na Secretaria de Registros Acad\u00eamicos (SRA) do campus Santa In\u00eas.<\/p>\n\n\n\n<p>As vagas remanescentes poder\u00e3o ser ocupadas por quaisquer interessados em concorrer \u00e0s vagas, independentemente de terem ou n\u00e3o participado do processo seletivo 2019.2 do IF BAIANO. <\/p>\n\n\n\n<p>D\u00favidas sobre o processo dever\u00e3o ser encaminhadas para o e-mail: prosel@si.ifbaiano.edu.br ou pelo telefone (73) 3536-1210, Ramal 109. <\/p>\n\n\n\n<p><strong>Para maiores informa\u00e7\u00f5es, <a href=\"http:\/\/concurso.ifbaiano.edu.br\/portal\/ingresso-de-estudantes-2019-2\/wp-content\/uploads\/sites\/248\/2019\/07\/Edital-n%C2%B0-09-Vagas-Remanescentes-em-Inform%C3%A1tica-SANTA-IN%C3%8AS.pdf\">acesse o Edital<\/a><\/strong><\/p>\n","protected":false},"excerpt":{"rendered":"<p>As vagas ser\u00e3o preenchidas por meio de Manifesta\u00e7\u00e3o de Interesse na vaga, diretamente no campus Santa In\u00eas<\/p>\n","protected":false},"author":86,"featured_media":12272,"comment_status":"closed","ping_status":"closed","sticky":false,"template":"","format":"standard","meta":[],"categories":[4,13,5,10,8,57],"tags":[],"_links":{"self":[{"href":"https:\/\/www.ifbaiano.edu.br\/unidades\/santaines\/wp-json\/wp\/v2\/posts\/12259"}],"collection":[{"href":"https:\/\/www.ifbaiano.edu.br\/unidades\/santaines\/wp-json\/wp\/v2\/posts"}],"about":[{"href":"https:\/\/www.ifbaiano.edu.br\/unidades\/santaines\/wp-json\/wp\/v2\/types\/post"}],"author":[{"embeddable":true,"href":"https:\/\/www.ifbaiano.edu.br\/unidades\/santaines\/wp-json\/wp\/v2\/users\/86"}],"replies":[{"embeddable":true,"href":"https:\/\/www.ifbaiano.edu.br\/unidades\/santaines\/wp-json\/wp\/v2\/comments?post=12259"}],"version-history":[{"count":2,"href":"https:\/\/www.ifbaiano.edu.br\/unidades\/santaines\/wp-json\/wp\/v2\/posts\/12259\/revisions"}],"predecessor-version":[{"id":12273,"href":"https:\/\/www.ifbaiano.edu.br\/unidades\/santaines\/wp-json\/wp\/v2\/posts\/12259\/revisions\/12273"}],"wp:featuredmedia":[{"embeddable":true,"href":"https:\/\/www.ifbaiano.edu.br\/unidades\/santaines\/wp-json\/wp\/v2\/media\/12272"}],"wp:attachment":[{"href":"https:\/\/www.ifbaiano.edu.br\/unidades\/santaines\/wp-json\/wp\/v2\/media?parent=12259"}],"wp:term":[{"taxonomy":"category","embeddable":true,"href":"https:\/\/www.ifbaiano.edu.br\/unidades\/santaines\/wp-json\/wp\/v2\/categories?post=12259"},{"taxonomy":"post_tag","embeddable":true,"href":"https:\/\/www.ifbaiano.edu.br\/unidades\/santaines\/wp-json\/wp\/v2\/tags?post=12259"}],"curies":[{"name":"wp","href":"https:\/\/api.w.org\/{rel}","templated":true}]}}