{"id":12261,"date":"2019-07-29T08:07:36","date_gmt":"2019-07-29T11:07:36","guid":{"rendered":"http:\/\/www.ifbaiano.edu.br\/unidades\/santaines\/?p=12261"},"modified":"2019-08-01T11:30:09","modified_gmt":"2019-08-01T14:30:09","slug":"acontece-no-if-baiano-campus-santa-ines-entre-os-dias-31-de-julho-e-3-de-agosto-a-iii-semana-de-geografia","status":"publish","type":"post","link":"https:\/\/www.ifbaiano.edu.br\/unidades\/santaines\/acontece-no-if-baiano-campus-santa-ines-entre-os-dias-31-de-julho-e-3-de-agosto-a-iii-semana-de-geografia\/","title":{"rendered":"Acontece, no IF Baiano Campus Santa In\u00eas, entre os dias 31 de julho e 02 de agosto"},"content":{"rendered":"\n<figure class=\"wp-block-image\"><img decoding=\"async\" loading=\"lazy\" width=\"1096\" height=\"384\" src=\"http:\/\/www.ifbaiano.edu.br\/unidades\/santaines\/files\/2019\/07\/logo-GEOGRAFIA1.png\" alt=\"\" class=\"wp-image-12262\" \/><\/figure>\n\n\n<p><\/p>\n\n\n<p>Acontece, no IF Baiano Campus Santa In\u00eas, entre os dias 31 de julho e 02 de agosto a <strong>III Semana de Geografia do Instituto Federal Baiano Santa In\u00eas<\/strong> O evento, que vai abordar o pensar e o ser do professor de Geografia na atualidade.<\/p>\n\n\n\n<p>J\u00e1 em sua terceira edi\u00e7\u00e3o, a Semana de Geografia do IF Baiano <em>Campus <\/em>Santa In\u00eas tem a proposta de ser um um espa\u00e7o de discuss\u00e3o sobre o ensino e a aprendizagem de Geografia e do compartilhamento de experi\u00eancias ligadas \u00e0 atua\u00e7\u00e3o docente visando o aperfei\u00e7oamento da forma\u00e7\u00e3o acad\u00eamica dos estudantes da Licenciatura da institui\u00e7\u00e3o e dos professores que atuam na Educa\u00e7\u00e3o B\u00e1sica nas escolas do Territ\u00f3rio de Identidade Vale do Jiquiri\u00e7\u00e1.<\/p>\n\n\n\n<p>O evento \u00e9 voltado para a troca de saberes entre licenciandos, egressos, professores e demais profissionais da Geografia e \u00e1reas afins que trabalham em institui\u00e7\u00f5es que ofertam Educa\u00e7\u00e3o B\u00e1sica no Territ\u00f3rio de Identidade Vale do Jiquiri\u00e7\u00e1.<\/p>\n\n\n\n<p>Segundo a comiss\u00e3o organizadora, a Semana pretende promover reflex\u00f5es sobre o pensar e o ser do professor de Geografia na atualidade, colocando em pauta um debate fecundo e necess\u00e1rio. \u201c\u00c9 fundamental um processo reflexivo sobre a pr\u00e1tica docente e a import\u00e2ncia da Geografia como instrumento de forma\u00e7\u00e3o para a cidadania, principalmente enquanto componente curricular que problematiza a forma\u00e7\u00e3o socioespacial, a produ\u00e7\u00e3o\/reprodu\u00e7\u00e3o do espa\u00e7o e as investidas do capital financeiro nacional\/internacional em sua \u00e2nsia por transformar tudo em mercadoria, inclusive a educa\u00e7\u00e3o\u201d, destaca a organizadora do evento e docente do IF Baiano, Aline Lima.<\/p>\n\n\n\n<p><strong><a href=\"http:\/\/www.ifbaiano.edu.br\/unidades\/santaines\/files\/2019\/07\/Programacao-III-Semana-Geografia.pdf\">Clique AQUI para ver a programa\u00e7\u00e3o.<\/a><\/strong><\/p>\n\n\n\n<p>Para participar as atividades do evento, fa\u00e7a a inscri\u00e7\u00e3o <a href=\"https:\/\/docs.google.com\/forms\/d\/e\/1FAIpQLSdk5bdzzSQYTfwbRO3YwnGgJwuFhgNfHfjYeZe5xnhnvCv8Qg\/viewform\"><strong>aqui<\/strong><\/a>.<\/p>\n\n\n<p><!--StartFragment--><\/p>\n<p><!--EndFragment--><\/p>\n<p><\/p>\n<p><!--EndFragment--><\/p>\n<p><\/p>","protected":false},"excerpt":{"rendered":"<p>Acontece, no IF Baiano Campus Santa In\u00eas, entre os dias 31 de julho e 02 de agosto a III Semana de Geografia do Instituto Federal Baiano Santa In\u00eas O evento, que vai abordar o pensar e o ser do professor de Geografia na atualidade. J\u00e1 em sua terceira edi\u00e7\u00e3o, a Semana de Geografia do IF [&hellip;]<\/p>\n","protected":false},"author":86,"featured_media":12050,"comment_status":"closed","ping_status":"closed","sticky":false,"template":"","format":"standard","meta":[],"categories":[4,12,37,10,57],"tags":[],"_links":{"self":[{"href":"https:\/\/www.ifbaiano.edu.br\/unidades\/santaines\/wp-json\/wp\/v2\/posts\/12261"}],"collection":[{"href":"https:\/\/www.ifbaiano.edu.br\/unidades\/santaines\/wp-json\/wp\/v2\/posts"}],"about":[{"href":"https:\/\/www.ifbaiano.edu.br\/unidades\/santaines\/wp-json\/wp\/v2\/types\/post"}],"author":[{"embeddable":true,"href":"https:\/\/www.ifbaiano.edu.br\/unidades\/santaines\/wp-json\/wp\/v2\/users\/86"}],"replies":[{"embeddable":true,"href":"https:\/\/www.ifbaiano.edu.br\/unidades\/santaines\/wp-json\/wp\/v2\/comments?post=12261"}],"version-history":[{"count":9,"href":"https:\/\/www.ifbaiano.edu.br\/unidades\/santaines\/wp-json\/wp\/v2\/posts\/12261\/revisions"}],"predecessor-version":[{"id":12331,"href":"https:\/\/www.ifbaiano.edu.br\/unidades\/santaines\/wp-json\/wp\/v2\/posts\/12261\/revisions\/12331"}],"wp:featuredmedia":[{"embeddable":true,"href":"https:\/\/www.ifbaiano.edu.br\/unidades\/santaines\/wp-json\/wp\/v2\/media\/12050"}],"wp:attachment":[{"href":"https:\/\/www.ifbaiano.edu.br\/unidades\/santaines\/wp-json\/wp\/v2\/media?parent=12261"}],"wp:term":[{"taxonomy":"category","embeddable":true,"href":"https:\/\/www.ifbaiano.edu.br\/unidades\/santaines\/wp-json\/wp\/v2\/categories?post=12261"},{"taxonomy":"post_tag","embeddable":true,"href":"https:\/\/www.ifbaiano.edu.br\/unidades\/santaines\/wp-json\/wp\/v2\/tags?post=12261"}],"curies":[{"name":"wp","href":"https:\/\/api.w.org\/{rel}","templated":true}]}}