{"id":12277,"date":"2019-07-22T17:05:11","date_gmt":"2019-07-22T20:05:11","guid":{"rendered":"http:\/\/www.ifbaiano.edu.br\/unidades\/santaines\/?p=12277"},"modified":"2019-07-22T17:47:27","modified_gmt":"2019-07-22T20:47:27","slug":"curso-de-educacao-especial-promove-oficina-de-confeccao-de-jogos-educativos-com-material-reciclado","status":"publish","type":"post","link":"https:\/\/www.ifbaiano.edu.br\/unidades\/santaines\/curso-de-educacao-especial-promove-oficina-de-confeccao-de-jogos-educativos-com-material-reciclado\/","title":{"rendered":"Curso de Educa\u00e7\u00e3o Especial promove oficina de confec\u00e7\u00e3o de jogos educativos com material reciclado"},"content":{"rendered":"\n<figure class=\"wp-block-image\"><img decoding=\"async\" loading=\"lazy\" width=\"5184\" height=\"3456\" src=\"http:\/\/www.ifbaiano.edu.br\/unidades\/santaines\/files\/2019\/07\/IMG_3501.jpg\" alt=\"\" class=\"wp-image-12278\" \/><\/figure>\n\n\n\n<p>O Instituto Federal Baiano <em>Campus<\/em> Santa In\u00eas realizou, na \u00faltima ter\u00e7a-feira, 16, oficina de confec\u00e7\u00e3o de jogos educativos com material reciclado. A oficina faz parte das atividades do curso de Educa\u00e7\u00e3o Especial: reflex\u00f5es e adapta\u00e7\u00f5es necess\u00e1rias e teve como p\u00fablico os estudantes das duas turmas do curso.<\/p>\n\n\n\n<p>O curso iniciou suas atividades em maio e encerra em outubro, com carga hor\u00e1ria total de 75 horas. A oficina foi ministrada pela servidora do <em>Campus<\/em>, T\u00e2nia Nunes, e teve como objetivo fazer refletir sobre a import\u00e2ncia da reutiliza\u00e7\u00e3o de materiais recicl\u00e1veis para confec\u00e7\u00e3o de jogos educativos. A servidora ministrante exp\u00f4s alguns jogos feitos por ela e, em seguida, os estudantes confeccionaram dois do jogos expostos.<\/p>\n\n\n\n<p>O p\u00fablico aprendeu a reutilizar materiais recicl\u00e1veis, como m\u00eddia de CD, bola de gude, tampas de garrafas PET, tampinhas, caixas de leite e suco, para confeccionar os jogos educativos para estudantes da Educa\u00e7\u00e3o B\u00e1sica. Segundo T\u00e2nia, a oficina tamb\u00e9m levou o p\u00fablico a refletir sobre a possibilidade de usar a confec\u00e7\u00e3o desses jogos como terapia de reabilita\u00e7\u00e3o motora para pessoas acometidas por Acidente Vascular Cerebral  (AVC) e tamb\u00e9m adaptar essas atividades recreativas para pessoas portadoras de necessidades especiais. T\u00e2nia j\u00e1 foi acometida por um AVC e compartilhou sua experi\u00eancia pessoal de reabilita\u00e7\u00e3o motora com a confec\u00e7\u00e3o de jogos.<\/p>\n\n\n\n<p>Segundo o coordenador do curso, Wasley de Jesus Santos, o avan\u00e7o dos estudos sobre o meio ambiente tem nos levado \u00e0 conscientiza\u00e7\u00e3o acerca do bom uso e uso inteligente de materiais que podem ser reciclados. \u201cMuitos materiais que antes pareciam in\u00fateis podem se tornar pe\u00e7as-chave para a confec\u00e7\u00e3o, por exemplo, de jogos educativos. Esses jogos podem ser adaptados para qualquer faixa et\u00e1ria e n\u00edvel de ensino, al\u00e9m de poderem, tamb\u00e9m, ser remodelados a depender da necessidade espec\u00edfica (defici\u00eancias, transtornos globais do desenvolvimento ou superdota\u00e7\u00e3o) de algum estudante\u201d, explica.<\/p>\n\n\n\n<p>Os jogos t\u00eam cunho pedag\u00f3gico e ensinam, por exemplo, a sequ\u00eancia de letras e n\u00fameros, vogais e consoantes ou opera\u00e7\u00f5es matem\u00e1ticas. Para T\u00e2nia \u00e9 fundamental trabalhar com o l\u00fadico na Educa\u00e7\u00e3o B\u00e1sica, por ser mais agrad\u00e1vel e despertar mais a aten\u00e7\u00e3o do aluno. \u201cCom a oficina, eu quis mostrar que podemos utilizar recursos extras em sala de aula para fixa\u00e7\u00e3o do aprendizado e que isso, tamb\u00e9m, poderia ser adaptado e trabalhado com outros p\u00fablicos (educa\u00e7\u00e3o especial, educa\u00e7\u00e3o infantil&#8230;) e, ainda, para outras finalidades, como reabilita\u00e7\u00e3o e terapia. Se para isso utilizarmos de reaproveitamento de material, contribuiremos para a diminui\u00e7\u00e3o de rejeitos\u201d, afirma T\u00e2nia.<\/p>\n\n\n\n<p>Para a aluna do curso de Educa\u00e7\u00e3o Especial, Gizele Ferreira Barreto Silva, a oficina foi uma atividade proveitosa para os alunos do curso que s\u00e3o, em sua maioria, professores de escolas p\u00fablicas, muitas delas desprovidas de recursos e materiais necess\u00e1rios para ministrar aulas de maneira diferente e divertida.<\/p>\n\n\n\n<ul class=\"wp-block-gallery columns-3 is-cropped wp-block-gallery-1 is-layout-flex\"><li class=\"blocks-gallery-item\"><figure><img decoding=\"async\" loading=\"lazy\" width=\"960\" height=\"1280\" src=\"http:\/\/www.ifbaiano.edu.br\/unidades\/santaines\/files\/2019\/07\/9dbbc433-53db-4e71-8dd0-6c636439292b.jpg\" alt=\"\" data-id=\"12284\" class=\"wp-image-12284\" \/><\/figure><\/li><li class=\"blocks-gallery-item\"><figure><img decoding=\"async\" loading=\"lazy\" width=\"1280\" height=\"960\" src=\"http:\/\/www.ifbaiano.edu.br\/unidades\/santaines\/files\/2019\/07\/f8ba1d65-4a14-4d54-bf12-ea6f29d2fe37.jpg\" alt=\"\" data-id=\"12289\" class=\"wp-image-12289\" \/><\/figure><\/li><li class=\"blocks-gallery-item\"><figure><img decoding=\"async\" loading=\"lazy\" width=\"1040\" height=\"780\" src=\"http:\/\/www.ifbaiano.edu.br\/unidades\/santaines\/files\/2019\/07\/7232504b-4562-4788-abc5-325e1226675b.jpg\" alt=\"\" data-id=\"12285\" class=\"wp-image-12285\" \/><\/figure><\/li><\/ul>\n\n\n\n<ul class=\"wp-block-gallery columns-3 is-cropped wp-block-gallery-3 is-layout-flex\"><li class=\"blocks-gallery-item\"><figure><img decoding=\"async\" loading=\"lazy\" width=\"1280\" height=\"960\" src=\"http:\/\/www.ifbaiano.edu.br\/unidades\/santaines\/files\/2019\/07\/5fc47611-72c2-474a-ba2b-d40680b4c7c0.jpg\" alt=\"\" data-id=\"12288\" class=\"wp-image-12288\" \/><\/figure><\/li><li class=\"blocks-gallery-item\"><figure><img decoding=\"async\" loading=\"lazy\" width=\"960\" height=\"1280\" src=\"http:\/\/www.ifbaiano.edu.br\/unidades\/santaines\/files\/2019\/07\/1d91afda-aed8-464e-8344-99844976f5b7.jpg\" alt=\"\" data-id=\"12282\" class=\"wp-image-12282\" \/><\/figure><\/li><li class=\"blocks-gallery-item\"><figure><img decoding=\"async\" loading=\"lazy\" width=\"960\" height=\"1280\" src=\"http:\/\/www.ifbaiano.edu.br\/unidades\/santaines\/files\/2019\/07\/04a13bb8-49d8-4996-8154-019fdd2ad0f4.jpg\" alt=\"\" data-id=\"12283\" class=\"wp-image-12283\" \/><\/figure><\/li><\/ul>\n\n\n\n<ul class=\"wp-block-gallery columns-0 is-cropped wp-block-gallery-5 is-layout-flex\"><\/ul>\n\n\n\n<ul class=\"wp-block-gallery columns-1 is-cropped wp-block-gallery-7 is-layout-flex\"><li class=\"blocks-gallery-item\"><figure><img \/><\/figure><\/li><\/ul>\n","protected":false},"excerpt":{"rendered":"<p>A oficina faz parte das atividades do curso de Educa\u00e7\u00e3o Especial: reflex\u00f5es e adapta\u00e7\u00f5es necess\u00e1rias<\/p>\n","protected":false},"author":86,"featured_media":12281,"comment_status":"closed","ping_status":"closed","sticky":false,"template":"","format":"standard","meta":[],"categories":[4,10,57],"tags":[],"_links":{"self":[{"href":"https:\/\/www.ifbaiano.edu.br\/unidades\/santaines\/wp-json\/wp\/v2\/posts\/12277"}],"collection":[{"href":"https:\/\/www.ifbaiano.edu.br\/unidades\/santaines\/wp-json\/wp\/v2\/posts"}],"about":[{"href":"https:\/\/www.ifbaiano.edu.br\/unidades\/santaines\/wp-json\/wp\/v2\/types\/post"}],"author":[{"embeddable":true,"href":"https:\/\/www.ifbaiano.edu.br\/unidades\/santaines\/wp-json\/wp\/v2\/users\/86"}],"replies":[{"embeddable":true,"href":"https:\/\/www.ifbaiano.edu.br\/unidades\/santaines\/wp-json\/wp\/v2\/comments?post=12277"}],"version-history":[{"count":6,"href":"https:\/\/www.ifbaiano.edu.br\/unidades\/santaines\/wp-json\/wp\/v2\/posts\/12277\/revisions"}],"predecessor-version":[{"id":12296,"href":"https:\/\/www.ifbaiano.edu.br\/unidades\/santaines\/wp-json\/wp\/v2\/posts\/12277\/revisions\/12296"}],"wp:featuredmedia":[{"embeddable":true,"href":"https:\/\/www.ifbaiano.edu.br\/unidades\/santaines\/wp-json\/wp\/v2\/media\/12281"}],"wp:attachment":[{"href":"https:\/\/www.ifbaiano.edu.br\/unidades\/santaines\/wp-json\/wp\/v2\/media?parent=12277"}],"wp:term":[{"taxonomy":"category","embeddable":true,"href":"https:\/\/www.ifbaiano.edu.br\/unidades\/santaines\/wp-json\/wp\/v2\/categories?post=12277"},{"taxonomy":"post_tag","embeddable":true,"href":"https:\/\/www.ifbaiano.edu.br\/unidades\/santaines\/wp-json\/wp\/v2\/tags?post=12277"}],"curies":[{"name":"wp","href":"https:\/\/api.w.org\/{rel}","templated":true}]}}