{"id":12299,"date":"2019-07-24T17:08:40","date_gmt":"2019-07-24T20:08:40","guid":{"rendered":"http:\/\/www.ifbaiano.edu.br\/unidades\/santaines\/?p=12299"},"modified":"2019-07-24T17:24:11","modified_gmt":"2019-07-24T20:24:11","slug":"sisu-2019-2-o-campus-santa-ines-convoca-os-candidatos-da-lista-de-espera-3a-chamada","status":"publish","type":"post","link":"https:\/\/www.ifbaiano.edu.br\/unidades\/santaines\/sisu-2019-2-o-campus-santa-ines-convoca-os-candidatos-da-lista-de-espera-3a-chamada\/","title":{"rendered":"SiSU\/2019.2 &#8211; O Campus Santa In\u00eas Convoca os Candidatos da Lista de Espera &#8211; 3\u00aa Chamada"},"content":{"rendered":"\n<h4 class=\"wp-block-heading\">O IF Baiano Campus Santa In\u00eas publicou <strong><a href=\"http:\/\/concurso.ifbaiano.edu.br\/portal\/sisu20192\/wp-content\/uploads\/sites\/272\/2019\/07\/Convoca%C3%A7%C3%A3o-%E2%80%93-3%C2%AA-Chamada-da-Lista-de-espera-%E2%80%93-SANTA-IN%C3%8AS.pdf\">documento<\/a><a href=\"http:\/\/concurso.ifbaiano.edu.br\/portal\/sisu20192\/wp-content\/uploads\/sites\/272\/2019\/07\/Convoca%C3%A7%C3%A3o-%E2%80%93-2%C2%AA-Chamada-da-Lista-de-espera-%E2%80%93-SANTA-IN%C3%8AS.pdf\"> <\/a><\/strong>convocando, mais uma vez, os candidatos das listas de espera para cursos de gradua\u00e7\u00e3o ofertados atrav\u00e9s do Sistema de Sele\u00e7\u00e3o Unificada (SiSU) 2019.2 para reuni\u00e3o com o objetivo de preenchimento das vagas.<\/h4>\n\n\n\n<p>A reuni\u00e3o de convoca\u00e7\u00e3o est\u00e1 agendada para 01\/08\/2019, \u00e0s 09h, no audit\u00f3rio da biblioteca do Campus. Assim, a sugest\u00e3o \u00e9 que o candidato esteja presente na entrada do local pelo menos 30 (trinta) minutos antes do hor\u00e1rio marcado para o in\u00edcio da reuni\u00e3o. <\/p>\n\n\n\n<p>O audit\u00f3rio ter\u00e1 as portas fechadas \u00e0s 09h. Ap\u00f3s fechamento das portas, n\u00e3o ser\u00e1 permitido acesso de mais nenhum candidato convocado e somente ter\u00e3o direito a pleitear as vagas os candidatos convocados presentes no audit\u00f3rio no hor\u00e1rio. <br><\/p>\n\n\n\n<p>Na   reuni\u00e3o,  os  candidatos  chamados  devem   portar   a  documenta\u00e7\u00e3o  necess\u00e1ria   \u00e0  matr\u00edcula   no  curso  conforme <a href=\"http:\/\/concurso.ifbaiano.edu.br\/portal\/sisu20192\/wp-content\/uploads\/sites\/272\/2019\/06\/29.-Edital-SISU-2019.2.pdf\">Edital n\u00ba. 61, de 09 de maio de 2019<\/a>. <\/p>\n\n\n\n<h4 class=\"wp-block-heading\" id=\"mce_6\"><strong><a rel=\"noreferrer noopener\" href=\"http:\/\/concurso.ifbaiano.edu.br\/portal\/sisu20192\/wp-content\/uploads\/sites\/272\/2019\/06\/Classifica%C3%A7%C3%A3o-Lista-de-Espera-SI.pdf\" target=\"_blank\">Clique AQUI para acessar a Lista.<\/a><\/strong><\/h4>\n\n\n<p><!--EndFragment--><br>\n<br>\n<\/p>","protected":false},"excerpt":{"rendered":"<p>A reuni\u00e3o de convoca\u00e7\u00e3o est\u00e1 agendada para 01\/08\/2019, \u00e0s 09h, no audit\u00f3rio da biblioteca do Campus<\/p>\n","protected":false},"author":86,"featured_media":12067,"comment_status":"closed","ping_status":"closed","sticky":false,"template":"","format":"standard","meta":[],"categories":[4,12,10,57],"tags":[],"_links":{"self":[{"href":"https:\/\/www.ifbaiano.edu.br\/unidades\/santaines\/wp-json\/wp\/v2\/posts\/12299"}],"collection":[{"href":"https:\/\/www.ifbaiano.edu.br\/unidades\/santaines\/wp-json\/wp\/v2\/posts"}],"about":[{"href":"https:\/\/www.ifbaiano.edu.br\/unidades\/santaines\/wp-json\/wp\/v2\/types\/post"}],"author":[{"embeddable":true,"href":"https:\/\/www.ifbaiano.edu.br\/unidades\/santaines\/wp-json\/wp\/v2\/users\/86"}],"replies":[{"embeddable":true,"href":"https:\/\/www.ifbaiano.edu.br\/unidades\/santaines\/wp-json\/wp\/v2\/comments?post=12299"}],"version-history":[{"count":4,"href":"https:\/\/www.ifbaiano.edu.br\/unidades\/santaines\/wp-json\/wp\/v2\/posts\/12299\/revisions"}],"predecessor-version":[{"id":12303,"href":"https:\/\/www.ifbaiano.edu.br\/unidades\/santaines\/wp-json\/wp\/v2\/posts\/12299\/revisions\/12303"}],"wp:featuredmedia":[{"embeddable":true,"href":"https:\/\/www.ifbaiano.edu.br\/unidades\/santaines\/wp-json\/wp\/v2\/media\/12067"}],"wp:attachment":[{"href":"https:\/\/www.ifbaiano.edu.br\/unidades\/santaines\/wp-json\/wp\/v2\/media?parent=12299"}],"wp:term":[{"taxonomy":"category","embeddable":true,"href":"https:\/\/www.ifbaiano.edu.br\/unidades\/santaines\/wp-json\/wp\/v2\/categories?post=12299"},{"taxonomy":"post_tag","embeddable":true,"href":"https:\/\/www.ifbaiano.edu.br\/unidades\/santaines\/wp-json\/wp\/v2\/tags?post=12299"}],"curies":[{"name":"wp","href":"https:\/\/api.w.org\/{rel}","templated":true}]}}