{"id":12311,"date":"2019-07-25T17:54:39","date_gmt":"2019-07-25T20:54:39","guid":{"rendered":"http:\/\/www.ifbaiano.edu.br\/unidades\/santaines\/?p=12311"},"modified":"2019-07-25T17:54:39","modified_gmt":"2019-07-25T20:54:39","slug":"campus-santa-ines-realiza-i-reuniao-de-pais-do-ano-letivo-2019","status":"publish","type":"post","link":"https:\/\/www.ifbaiano.edu.br\/unidades\/santaines\/campus-santa-ines-realiza-i-reuniao-de-pais-do-ano-letivo-2019\/","title":{"rendered":"Campus Santa In\u00eas realiza I Reuni\u00e3o de Pais do ano letivo 2019"},"content":{"rendered":"\n<p>A reuni\u00e3o aconteceu na \u00faltima quarta-feira (24), no audit\u00f3rio da biblioteca do Campus com os pais\/respons\u00e1veis pelos estudantes das primeiras s\u00e9ries, professores e servidores do Campus. <\/p>\n\n\n\n<p>Ap\u00f3s a abertura da reuni\u00e3o com as boas vindas do Diretor Geral, os pais foram recepcionados com uma apresenta\u00e7\u00e3o do Projeto &#8220;Libras <em>in Concer<\/em>t&#8221; do N\u00facleo de Apoio aos Portadores de Necessidades Espec\u00edficas (NAPNE). Os participantes do projeto interpretaram, em libras, a m\u00fasica &#8220;Carinhoso&#8221;. <\/p>\n\n\n\n<p>Para demonstrar as atividades que est\u00e3o sendo desenvolvidas no setor com a finalidade de permitir a inclus\u00e3o dos discentes com diferentes necessidades espec\u00edficas, houve, tamb\u00e9m, uma apresenta\u00e7\u00e3o musical por um aluno do Campus acompanhado pelo NAPNE.<br><\/p>\n\n\n\n<p>A Diretoria Acad\u00eamica, Coordena\u00e7\u00e3o de Ensino, Setor Pedag\u00f3gico e Coordena\u00e7\u00e3o de Assuntos Estudantis abordaram temas que est\u00e3o comprometendo o desenvolvimento dos discentes, como a ansiedade. <\/p>\n\n\n\n<p>Ficou evidenciado que o di\u00e1logo entre pais\/respons\u00e1veis \u00e9 fundamental para o melhor acompanhamento dos discentes, tanto no \u00e2mbito da institui\u00e7\u00e3o, quanto no ambiente familiar.<br><\/p>\n\n\n\n<p>Houve, ainda, um momento dos pais com os professores para  di\u00e1logo, individual, de situa\u00e7\u00f5es espec\u00edficas.<\/p>\n\n\n\n<p>Na pr\u00f3xima semana, os pais de estudantes das segundas e terceiras s\u00e9ries tamb\u00e9m ser\u00e3o recepcionados no campus para esse di\u00e1logo importante e necess\u00e1rio sobre as quest\u00f5es pedag\u00f3gicas e disciplinares dos discentes.<\/p>\n\n\n\n<ul class=\"wp-block-gallery columns-3 is-cropped wp-block-gallery-1 is-layout-flex\"><li class=\"blocks-gallery-item\"><figure><img decoding=\"async\" loading=\"lazy\" width=\"1280\" height=\"960\" src=\"http:\/\/www.ifbaiano.edu.br\/unidades\/santaines\/files\/2019\/07\/0dc1046c-c911-4ef7-9e37-eecdced93099-1.jpg\" alt=\"\" data-id=\"12312\" data-link=\"http:\/\/www.ifbaiano.edu.br\/unidades\/santaines\/?attachment_id=12312\" class=\"wp-image-12312\" \/><\/figure><\/li><li class=\"blocks-gallery-item\"><figure><img decoding=\"async\" loading=\"lazy\" width=\"1280\" height=\"960\" src=\"http:\/\/www.ifbaiano.edu.br\/unidades\/santaines\/files\/2019\/07\/4a798320-0b41-41ac-8a40-9acb3a65095b-1.jpg\" alt=\"\" data-id=\"12313\" data-link=\"http:\/\/www.ifbaiano.edu.br\/unidades\/santaines\/?attachment_id=12313\" class=\"wp-image-12313\" \/><\/figure><\/li><li class=\"blocks-gallery-item\"><figure><img decoding=\"async\" loading=\"lazy\" width=\"1280\" height=\"960\" src=\"http:\/\/www.ifbaiano.edu.br\/unidades\/santaines\/files\/2019\/07\/7513a914-dbc6-4aa1-805e-eeebe2d0898c-1.jpg\" alt=\"\" data-id=\"12314\" data-link=\"http:\/\/www.ifbaiano.edu.br\/unidades\/santaines\/?attachment_id=12314\" class=\"wp-image-12314\" \/><\/figure><\/li><li class=\"blocks-gallery-item\"><figure><img decoding=\"async\" loading=\"lazy\" width=\"1280\" height=\"960\" src=\"http:\/\/www.ifbaiano.edu.br\/unidades\/santaines\/files\/2019\/07\/942179a5-9090-4e68-bcc4-0f6217f3cec6-1.jpg\" alt=\"\" data-id=\"12315\" data-link=\"http:\/\/www.ifbaiano.edu.br\/unidades\/santaines\/?attachment_id=12315\" class=\"wp-image-12315\" \/><\/figure><\/li><li class=\"blocks-gallery-item\"><figure><img decoding=\"async\" loading=\"lazy\" width=\"1280\" height=\"960\" src=\"http:\/\/www.ifbaiano.edu.br\/unidades\/santaines\/files\/2019\/07\/af268ec5-00ca-4a32-8b12-6b08fa262c3b-1.jpg\" alt=\"\" data-id=\"12316\" data-link=\"http:\/\/www.ifbaiano.edu.br\/unidades\/santaines\/?attachment_id=12316\" class=\"wp-image-12316\" \/><\/figure><\/li><\/ul>\n","protected":false},"excerpt":{"rendered":"<p>A reuni\u00e3o aconteceu na \u00faltima quarta-feira (24)<\/p>\n","protected":false},"author":86,"featured_media":12306,"comment_status":"closed","ping_status":"closed","sticky":false,"template":"","format":"standard","meta":[],"categories":[4,13,10,57],"tags":[],"_links":{"self":[{"href":"https:\/\/www.ifbaiano.edu.br\/unidades\/santaines\/wp-json\/wp\/v2\/posts\/12311"}],"collection":[{"href":"https:\/\/www.ifbaiano.edu.br\/unidades\/santaines\/wp-json\/wp\/v2\/posts"}],"about":[{"href":"https:\/\/www.ifbaiano.edu.br\/unidades\/santaines\/wp-json\/wp\/v2\/types\/post"}],"author":[{"embeddable":true,"href":"https:\/\/www.ifbaiano.edu.br\/unidades\/santaines\/wp-json\/wp\/v2\/users\/86"}],"replies":[{"embeddable":true,"href":"https:\/\/www.ifbaiano.edu.br\/unidades\/santaines\/wp-json\/wp\/v2\/comments?post=12311"}],"version-history":[{"count":3,"href":"https:\/\/www.ifbaiano.edu.br\/unidades\/santaines\/wp-json\/wp\/v2\/posts\/12311\/revisions"}],"predecessor-version":[{"id":12319,"href":"https:\/\/www.ifbaiano.edu.br\/unidades\/santaines\/wp-json\/wp\/v2\/posts\/12311\/revisions\/12319"}],"wp:featuredmedia":[{"embeddable":true,"href":"https:\/\/www.ifbaiano.edu.br\/unidades\/santaines\/wp-json\/wp\/v2\/media\/12306"}],"wp:attachment":[{"href":"https:\/\/www.ifbaiano.edu.br\/unidades\/santaines\/wp-json\/wp\/v2\/media?parent=12311"}],"wp:term":[{"taxonomy":"category","embeddable":true,"href":"https:\/\/www.ifbaiano.edu.br\/unidades\/santaines\/wp-json\/wp\/v2\/categories?post=12311"},{"taxonomy":"post_tag","embeddable":true,"href":"https:\/\/www.ifbaiano.edu.br\/unidades\/santaines\/wp-json\/wp\/v2\/tags?post=12311"}],"curies":[{"name":"wp","href":"https:\/\/api.w.org\/{rel}","templated":true}]}}