{"id":12338,"date":"2019-08-05T12:34:59","date_gmt":"2019-08-05T15:34:59","guid":{"rendered":"http:\/\/www.ifbaiano.edu.br\/unidades\/santaines\/?p=12338"},"modified":"2019-08-05T12:34:59","modified_gmt":"2019-08-05T15:34:59","slug":"campus-santa-ines-realiza-mais-uma-reuniao-com-pais-de-estudantes","status":"publish","type":"post","link":"https:\/\/www.ifbaiano.edu.br\/unidades\/santaines\/campus-santa-ines-realiza-mais-uma-reuniao-com-pais-de-estudantes\/","title":{"rendered":"Campus Santa In\u00eas realiza mais uma reuni\u00e3o com pais de estudantes"},"content":{"rendered":"\n<figure class=\"wp-block-image\"><img decoding=\"async\" loading=\"lazy\" width=\"1280\" height=\"960\" src=\"http:\/\/www.ifbaiano.edu.br\/unidades\/santaines\/files\/2019\/08\/18c8469f-16da-46a9-bc67-016d6f5ca1f2.jpg\" alt=\"\" class=\"wp-image-12341\" \/><\/figure>\n\n\n\n<p>Em continuidade as reuni\u00f5es de pais , na \u00faltima quarta-feira (31), aconteceu,  no audit\u00f3rio da biblioteca do Campus, a I reuni\u00e3o com os pais\/respons\u00e1veis pelos estudantes das segundas e terceiras s\u00e9ries, professores e servidores do Campus. <\/p>\n\n\n\n<p>A Diretora Acad\u00eamica Substituta, Viviane Leporace, abriu a reuni\u00e3o dando as boas vindas aos presentes que tiveram a oportunidade de assistir a uma apresenta\u00e7\u00e3o musical com a participa\u00e7\u00e3o de estudantes dos cursos t\u00e9cnico, subsequente e superior, atrav\u00e9s de projetos desenvolvidos pelo N\u00facleo de Apoio  aos Portadores de Necessidades Espec\u00edficas (NAPNE). Um dos projetos desenvolvidos pelo setor, &#8220;LIBRAS <em>in Concer<\/em>t&#8221;, \u00e9 coordenado pela servidora Roselin Reis com a participa\u00e7\u00e3o de servidores e estudantes do campus.<br><\/p>\n\n\n\n<p>O Coordena\u00e7\u00e3o de Ensino, Vin\u00edcius R. Figueir\u00eado iniciou o di\u00e1logo com os pais\/respons\u00e1veis demonstrando aspectos disciplinares e pedag\u00f3gicos que foram abordados pelos discentes e professores no conselho de classe, os quais necessitam de aten\u00e7\u00e3o para que n\u00e3o prejudiquem o desempenho acad\u00eamico ao final do ano letivo. O mesmo reiterou, ainda, a necessidade do di\u00e1logo constante dos pais com os estudantes para compreenderem o comportamento, tanto no ambiente familiar quanto no espa\u00e7o escolar.<\/p>\n\n\n\n<p>A equipe gestora encerrou as atividades agradecendo o comparecimento de todos.<\/p>\n\n\n\n<ul class=\"wp-block-gallery columns-3 is-cropped wp-block-gallery-1 is-layout-flex\"><li class=\"blocks-gallery-item\"><figure><img decoding=\"async\" loading=\"lazy\" width=\"1280\" height=\"960\" src=\"http:\/\/www.ifbaiano.edu.br\/unidades\/santaines\/files\/2019\/08\/4beab920-1d71-4536-9005-e05148673042.jpg\" alt=\"\" data-id=\"12344\" data-link=\"http:\/\/www.ifbaiano.edu.br\/unidades\/santaines\/?attachment_id=12344\" class=\"wp-image-12344\" \/><\/figure><\/li><li class=\"blocks-gallery-item\"><figure><img decoding=\"async\" loading=\"lazy\" width=\"1280\" height=\"960\" src=\"http:\/\/www.ifbaiano.edu.br\/unidades\/santaines\/files\/2019\/08\/17eba0cc-6beb-4146-832c-a6910e50761c-1.jpg\" alt=\"\" data-id=\"12345\" data-link=\"http:\/\/www.ifbaiano.edu.br\/unidades\/santaines\/?attachment_id=12345\" class=\"wp-image-12345\" \/><\/figure><\/li><li class=\"blocks-gallery-item\"><figure><img decoding=\"async\" loading=\"lazy\" width=\"1280\" height=\"960\" src=\"http:\/\/www.ifbaiano.edu.br\/unidades\/santaines\/files\/2019\/08\/33e07898-3f97-480b-af90-136e3d33120f.jpg\" alt=\"\" data-id=\"12346\" data-link=\"http:\/\/www.ifbaiano.edu.br\/unidades\/santaines\/?attachment_id=12346\" class=\"wp-image-12346\" \/><\/figure><\/li><li class=\"blocks-gallery-item\"><figure><img decoding=\"async\" loading=\"lazy\" width=\"1280\" height=\"957\" src=\"http:\/\/www.ifbaiano.edu.br\/unidades\/santaines\/files\/2019\/08\/69b1a0e5-7cb4-4344-8e77-40f1e08c0f39.jpg\" alt=\"\" data-id=\"12347\" data-link=\"http:\/\/www.ifbaiano.edu.br\/unidades\/santaines\/?attachment_id=12347\" class=\"wp-image-12347\" \/><\/figure><\/li><li class=\"blocks-gallery-item\"><figure><img decoding=\"async\" loading=\"lazy\" width=\"1280\" height=\"960\" src=\"http:\/\/www.ifbaiano.edu.br\/unidades\/santaines\/files\/2019\/08\/be4fc242-4845-460b-be7f-e11ad110f99d-1.jpg\" alt=\"\" data-id=\"12348\" data-link=\"http:\/\/www.ifbaiano.edu.br\/unidades\/santaines\/?attachment_id=12348\" class=\"wp-image-12348\" \/><\/figure><\/li><li class=\"blocks-gallery-item\"><figure><img decoding=\"async\" loading=\"lazy\" width=\"1280\" height=\"960\" src=\"http:\/\/www.ifbaiano.edu.br\/unidades\/santaines\/files\/2019\/08\/c3c7875f-e411-4e3d-b023-d1131ddbdf2c.jpg\" alt=\"\" data-id=\"12349\" data-link=\"http:\/\/www.ifbaiano.edu.br\/unidades\/santaines\/?attachment_id=12349\" class=\"wp-image-12349\" \/><\/figure><\/li><li class=\"blocks-gallery-item\"><figure><img decoding=\"async\" loading=\"lazy\" width=\"1280\" height=\"960\" src=\"http:\/\/www.ifbaiano.edu.br\/unidades\/santaines\/files\/2019\/08\/e113788a-8137-4545-b4fc-4c9416faf12b.jpg\" alt=\"\" data-id=\"12350\" data-link=\"http:\/\/www.ifbaiano.edu.br\/unidades\/santaines\/?attachment_id=12350\" class=\"wp-image-12350\" \/><\/figure><\/li><\/ul>\n","protected":false},"excerpt":{"rendered":"<p>Foi a I reuni\u00e3o com os pais\/respons\u00e1veis pelos estudantes das segundas e terceiras s\u00e9ries<\/p>\n","protected":false},"author":86,"featured_media":12351,"comment_status":"closed","ping_status":"closed","sticky":false,"template":"","format":"standard","meta":[],"categories":[4,13,10,57],"tags":[],"_links":{"self":[{"href":"https:\/\/www.ifbaiano.edu.br\/unidades\/santaines\/wp-json\/wp\/v2\/posts\/12338"}],"collection":[{"href":"https:\/\/www.ifbaiano.edu.br\/unidades\/santaines\/wp-json\/wp\/v2\/posts"}],"about":[{"href":"https:\/\/www.ifbaiano.edu.br\/unidades\/santaines\/wp-json\/wp\/v2\/types\/post"}],"author":[{"embeddable":true,"href":"https:\/\/www.ifbaiano.edu.br\/unidades\/santaines\/wp-json\/wp\/v2\/users\/86"}],"replies":[{"embeddable":true,"href":"https:\/\/www.ifbaiano.edu.br\/unidades\/santaines\/wp-json\/wp\/v2\/comments?post=12338"}],"version-history":[{"count":1,"href":"https:\/\/www.ifbaiano.edu.br\/unidades\/santaines\/wp-json\/wp\/v2\/posts\/12338\/revisions"}],"predecessor-version":[{"id":12352,"href":"https:\/\/www.ifbaiano.edu.br\/unidades\/santaines\/wp-json\/wp\/v2\/posts\/12338\/revisions\/12352"}],"wp:featuredmedia":[{"embeddable":true,"href":"https:\/\/www.ifbaiano.edu.br\/unidades\/santaines\/wp-json\/wp\/v2\/media\/12351"}],"wp:attachment":[{"href":"https:\/\/www.ifbaiano.edu.br\/unidades\/santaines\/wp-json\/wp\/v2\/media?parent=12338"}],"wp:term":[{"taxonomy":"category","embeddable":true,"href":"https:\/\/www.ifbaiano.edu.br\/unidades\/santaines\/wp-json\/wp\/v2\/categories?post=12338"},{"taxonomy":"post_tag","embeddable":true,"href":"https:\/\/www.ifbaiano.edu.br\/unidades\/santaines\/wp-json\/wp\/v2\/tags?post=12338"}],"curies":[{"name":"wp","href":"https:\/\/api.w.org\/{rel}","templated":true}]}}