{"id":12354,"date":"2019-08-07T13:24:43","date_gmt":"2019-08-07T16:24:43","guid":{"rendered":"http:\/\/www.ifbaiano.edu.br\/unidades\/santaines\/?p=12354"},"modified":"2019-08-09T13:55:19","modified_gmt":"2019-08-09T16:55:19","slug":"aconteceu-no-ultimo-sabado-03-no-campus-santa-ines-a-xiv-olimpiada-baiana-de-quimica-obaq","status":"publish","type":"post","link":"https:\/\/www.ifbaiano.edu.br\/unidades\/santaines\/aconteceu-no-ultimo-sabado-03-no-campus-santa-ines-a-xiv-olimpiada-baiana-de-quimica-obaq\/","title":{"rendered":"Aconteceu, no \u00faltimo s\u00e1bado (03), no Campus Santa In\u00eas, a XIV Olimp\u00edada Baiana de Qu\u00edmica (OBAQ)."},"content":{"rendered":"\n<p>No \u00faltimo s\u00e1bado, dia 03 de agosto, aconteceu, no Campus Santa In\u00eas a segunda fase da XIV Olimp\u00edada Baiana de Qu\u00edmica (OBAQ). <\/p>\n\n\n\n<figure class=\"wp-block-image\"><img decoding=\"async\" loading=\"lazy\" width=\"1040\" height=\"585\" src=\"http:\/\/www.ifbaiano.edu.br\/unidades\/santaines\/files\/2019\/08\/0006b8b8-c224-4836-b0ea-ae4dff46e10a.jpg\" alt=\"\" class=\"wp-image-12363\" \/><\/figure>\n\n\n\n<p>A Olimp\u00edada Baiana de Qu\u00edmica (OBAQ) \u00e9 um evento do <a href=\"http:\/\/www.obquimica.org\/\">Programa Nacional Olimp\u00edadas de Qu\u00edmica<\/a>, promovido pela <a href=\"http:\/\/www.abq.org.br\/\">Associa\u00e7\u00e3o Brasileira de Qu\u00edmica (ABQ)<\/a> e uma atividade de extens\u00e3o do <a href=\"http:\/\/www.quimica.ufba.br\/\">Instituto de Qu\u00edmica<\/a> da <a href=\"http:\/\/www.ufba.br\/\">Universidade Federal da Bahia<\/a>. Nesta edi\u00e7\u00e3o 2019, a XIV OBAQ tem o apoio da <a href=\"http:\/\/www.fundacaocefetbahia.org.br\/\">Funda\u00e7\u00e3o Cefet-Bahia<\/a>,&nbsp;<a href=\"http:\/\/www.fieb.org.br\/sesi\/\">SESI-FIEB<\/a>, <a rel=\"noreferrer noopener\" href=\"https:\/\/www.brasilgas.com.br\/\" target=\"_blank\">Brasilg\u00e1s<\/a>, <a rel=\"noreferrer noopener\" href=\"http:\/\/www.braskem.com.br\/\" target=\"_blank\">Braskem<\/a> &nbsp;e&nbsp; <a href=\"http:\/\/www.dowbrasil.com\/\">Dow<\/a>. <\/p>\n\n\n\n<p>Os objetivos da OBAQ \u00e9 estimular o ensino, o estudo e a pesquisa no campo da Qu\u00edmica, al\u00e9m de incentivar, atrav\u00e9s do ensino de qu\u00edmica, o entrosamento entre professores da Universidade e professores e estudantes das escolas de ensino m\u00e9dio e tecnol\u00f3gico, e, ainda, descobrir jovens com talento e aptid\u00f5es para o estudo da qu\u00edmica.<\/p>\n\n\n\n<p>A primeira fase da OBAQ (Fase I),  no Campus ,  aconteceu dia 29 de maio, por meio de provas escritas e contou com a participa\u00e7\u00e3o de 50 alunos que, voluntariamente, manifestaram interesse em participar da sele\u00e7\u00e3o. Os estudantes mais bem classificados, de acordo com a pontua\u00e7\u00e3o, foram inscritos na Fase II, somando-se 24 estudantes, 8 de cada s\u00e9rie. &nbsp;A Fase II, realizada no Campus, dia 03 de agosto, \u00e0s 14h, contou com a participa\u00e7\u00e3o de 21 alunos das 1\u00aa, 2\u00aa e 3\u00aa s\u00e9ries dos Cursos T\u00e9cnicos em Agropecu\u00e1ria, Zootecnia e Alimentos.     <\/p>\n\n\n\n<p>Ap\u00f3s a sele\u00e7\u00e3o da Fase I, os 24 alunos, das 3 s\u00e9ries, foram inscritos oficialmente na OBAQ no portal pr\u00f3prio.  A partir da\u00ed, foram iniciados  encontros com aulas preparat\u00f3rias. Essas aconteciam sempre \u00e0s quartas-feiras das 13h30min \u00e0s 15h10min e contavam com aulas dos professores  <br>Valdinei Santos de Souza,  Dalila dos Santos Monteiro e Marciana Benevides da Silva.<\/p>\n\n\n\n<p>Segundo o prof. Valdinei, Coordenador local &#8220;a participa\u00e7\u00e3o de professores e alunos na OBAQ \u00e9 de extrema import\u00e2ncia para o ensino-aprendizagem de qu\u00edmica. \u00c9 a oportunidade que se tem de popularizar o ensino de qu\u00edmica e de, talvez, despertar o gosto e aptid\u00e3o pelo estudo da qu\u00edmica.  Os alunos s\u00e3o desafiados a mostrar suas compet\u00eancias e habilidades que, de forma despretensiosa e volunt\u00e1ria, s\u00e3o manifestadas tanto no resultado final quanto ao longo do processo.&#8221;<\/p>\n\n\n\n<ul class=\"wp-block-gallery columns-2 is-cropped wp-block-gallery-1 is-layout-flex\"><li class=\"blocks-gallery-item\"><figure><img decoding=\"async\" loading=\"lazy\" width=\"1040\" height=\"585\" src=\"http:\/\/www.ifbaiano.edu.br\/unidades\/santaines\/files\/2019\/08\/4-1.jpg\" alt=\"\" data-id=\"12364\" data-link=\"http:\/\/www.ifbaiano.edu.br\/unidades\/santaines\/?attachment_id=12364\" class=\"wp-image-12364\" \/><\/figure><\/li><li class=\"blocks-gallery-item\"><figure><img decoding=\"async\" loading=\"lazy\" width=\"1040\" height=\"585\" src=\"http:\/\/www.ifbaiano.edu.br\/unidades\/santaines\/files\/2019\/08\/6-2.jpg\" alt=\"\" data-id=\"12365\" data-link=\"http:\/\/www.ifbaiano.edu.br\/unidades\/santaines\/?attachment_id=12365\" class=\"wp-image-12365\" \/><\/figure><\/li><\/ul>\n","protected":false},"excerpt":{"rendered":"<p>Segunda Fase da XIV Olimp\u00edada Baiana de Qu\u00edmica (OBAQ)<\/p>\n","protected":false},"author":86,"featured_media":12362,"comment_status":"closed","ping_status":"closed","sticky":false,"template":"","format":"standard","meta":[],"categories":[4,13,10,1,57],"tags":[],"_links":{"self":[{"href":"https:\/\/www.ifbaiano.edu.br\/unidades\/santaines\/wp-json\/wp\/v2\/posts\/12354"}],"collection":[{"href":"https:\/\/www.ifbaiano.edu.br\/unidades\/santaines\/wp-json\/wp\/v2\/posts"}],"about":[{"href":"https:\/\/www.ifbaiano.edu.br\/unidades\/santaines\/wp-json\/wp\/v2\/types\/post"}],"author":[{"embeddable":true,"href":"https:\/\/www.ifbaiano.edu.br\/unidades\/santaines\/wp-json\/wp\/v2\/users\/86"}],"replies":[{"embeddable":true,"href":"https:\/\/www.ifbaiano.edu.br\/unidades\/santaines\/wp-json\/wp\/v2\/comments?post=12354"}],"version-history":[{"count":2,"href":"https:\/\/www.ifbaiano.edu.br\/unidades\/santaines\/wp-json\/wp\/v2\/posts\/12354\/revisions"}],"predecessor-version":[{"id":12366,"href":"https:\/\/www.ifbaiano.edu.br\/unidades\/santaines\/wp-json\/wp\/v2\/posts\/12354\/revisions\/12366"}],"wp:featuredmedia":[{"embeddable":true,"href":"https:\/\/www.ifbaiano.edu.br\/unidades\/santaines\/wp-json\/wp\/v2\/media\/12362"}],"wp:attachment":[{"href":"https:\/\/www.ifbaiano.edu.br\/unidades\/santaines\/wp-json\/wp\/v2\/media?parent=12354"}],"wp:term":[{"taxonomy":"category","embeddable":true,"href":"https:\/\/www.ifbaiano.edu.br\/unidades\/santaines\/wp-json\/wp\/v2\/categories?post=12354"},{"taxonomy":"post_tag","embeddable":true,"href":"https:\/\/www.ifbaiano.edu.br\/unidades\/santaines\/wp-json\/wp\/v2\/tags?post=12354"}],"curies":[{"name":"wp","href":"https:\/\/api.w.org\/{rel}","templated":true}]}}