{"id":12378,"date":"2019-08-09T13:54:33","date_gmt":"2019-08-09T16:54:33","guid":{"rendered":"http:\/\/www.ifbaiano.edu.br\/unidades\/santaines\/?p=12378"},"modified":"2019-08-14T16:01:30","modified_gmt":"2019-08-14T19:01:30","slug":"estudantes-proeja-do-campus-santa-ines-participam-de-encontro-com-comunidade-local","status":"publish","type":"post","link":"https:\/\/www.ifbaiano.edu.br\/unidades\/santaines\/estudantes-proeja-do-campus-santa-ines-participam-de-encontro-com-comunidade-local\/","title":{"rendered":"Estudantes PROEJA do Campus Santa In\u00eas participam de encontro com  comunidade local"},"content":{"rendered":"\n<figure class=\"wp-block-image\"><img decoding=\"async\" loading=\"lazy\" width=\"1600\" height=\"1068\" src=\"http:\/\/www.ifbaiano.edu.br\/unidades\/santaines\/files\/2019\/08\/DSC04562.jpg\" alt=\"\" class=\"wp-image-12381\" \/><\/figure>\n\n\n\n<p>Aconteceu , no dia 04 de agosto, um encontro dos estudantes do Curso T\u00e9cnico em Agropecu\u00e1ria PROEJA, na pedagogia da Altern\u00e2ncia,  com a comunidade do Assentamento Natur de Assis, munic\u00edpio de Santa In\u00eas &#8211; BA. Nesse evento ocorreu o relato de experi\u00eancias do primeiro semestre da turma.<\/p>\n\n\n\n<p>O evento foi organizado pela professora Patr\u00edcia Moura Neves, coordenadora do curso PROEJA, e a comunidade do  Assentamento que esteve presente para prestigiar os estudantes, dentre eles, um de seus moradores. Estiveram presentes, tamb\u00e9m, professores do IF Baiano Campus Santa In\u00eas que ministram disciplinas, para a turma, nesse primeiro m\u00f3dulo do curso.<\/p>\n\n\n\n<p>O objetivo principal desse encontro foi proporcionar maior integra\u00e7\u00e3o entre os docentes e a comunidade do Assentamento Natur de Assis, permitindo contextualizar suas pr\u00e1ticas pedag\u00f3gicas \u00e0 realidade dos estudantes.   <\/p>\n\n\n\n<p>O encontro iniciou com um caf\u00e9 da manh\u00e3, para todos os participantes, seguido de din\u00e2micas em grupo, relato de experi\u00eancia dos estudantes sobre o curso e demonstra\u00e7\u00e3o de como reservar alimentos para animais no per\u00edodo seco (ensilagem).<\/p>\n\n\n\n<p>Dentre os resultados\nespera-se que a comunidade tenha conhecimento sobre o curso, que os\ndocentes pensem e contextualizem suas pr\u00e1ticas pedag\u00f3gicas para\nmelhor atender as demandas desse p\u00fablico.<\/p>\n\n\n\n<p>A professora Patr\u00edcia avalia que &#8220;a comunidade ficou motivada e percebeu que o IF Baiano est\u00e1 mais pr\u00f3ximo, o que possibilita uma integra\u00e7\u00e3o para futuras parcerias e busca por desenvolvimento local&#8221;.<\/p>\n\n\n\n<p>Veja imagens do encontro:<\/p>\n\n\n\n<ul class=\"wp-block-gallery columns-3 is-cropped wp-block-gallery-1 is-layout-flex\"><li class=\"blocks-gallery-item\"><figure><img decoding=\"async\" loading=\"lazy\" width=\"1280\" height=\"960\" src=\"http:\/\/www.ifbaiano.edu.br\/unidades\/santaines\/files\/2019\/08\/4b8febbd-5e28-4c3e-ba48-8aad0a2b2c49.jpg\" alt=\"\" data-id=\"12384\" data-link=\"http:\/\/www.ifbaiano.edu.br\/unidades\/santaines\/?attachment_id=12384\" class=\"wp-image-12384\" \/><\/figure><\/li><li class=\"blocks-gallery-item\"><figure><img decoding=\"async\" loading=\"lazy\" width=\"1152\" height=\"864\" src=\"http:\/\/www.ifbaiano.edu.br\/unidades\/santaines\/files\/2019\/08\/6a4a6c97-89c0-4069-b376-bbf73b9004ab.jpg\" alt=\"\" data-id=\"12385\" data-link=\"http:\/\/www.ifbaiano.edu.br\/unidades\/santaines\/?attachment_id=12385\" class=\"wp-image-12385\" \/><\/figure><\/li><li class=\"blocks-gallery-item\"><figure><img decoding=\"async\" loading=\"lazy\" width=\"1280\" height=\"960\" src=\"http:\/\/www.ifbaiano.edu.br\/unidades\/santaines\/files\/2019\/08\/6b2bde18-6db9-4c64-a7b7-2a36f489ec73.jpg\" alt=\"\" data-id=\"12386\" data-link=\"http:\/\/www.ifbaiano.edu.br\/unidades\/santaines\/?attachment_id=12386\" class=\"wp-image-12386\" \/><\/figure><\/li><li class=\"blocks-gallery-item\"><figure><img decoding=\"async\" loading=\"lazy\" width=\"1152\" height=\"864\" src=\"http:\/\/www.ifbaiano.edu.br\/unidades\/santaines\/files\/2019\/08\/807dff31-79f5-47b7-8f0e-ccf68b814568.jpg\" alt=\"\" data-id=\"12387\" data-link=\"http:\/\/www.ifbaiano.edu.br\/unidades\/santaines\/?attachment_id=12387\" class=\"wp-image-12387\" \/><\/figure><\/li><li class=\"blocks-gallery-item\"><figure><img decoding=\"async\" loading=\"lazy\" width=\"1600\" height=\"1067\" src=\"http:\/\/www.ifbaiano.edu.br\/unidades\/santaines\/files\/2019\/08\/DSC04537-001-1.jpg\" alt=\"\" data-id=\"12389\" data-link=\"http:\/\/www.ifbaiano.edu.br\/unidades\/santaines\/?attachment_id=12389\" class=\"wp-image-12389\" \/><\/figure><\/li><li class=\"blocks-gallery-item\"><figure><img decoding=\"async\" loading=\"lazy\" width=\"1600\" height=\"903\" src=\"http:\/\/www.ifbaiano.edu.br\/unidades\/santaines\/files\/2019\/08\/DSC04540.jpg\" alt=\"\" data-id=\"12390\" data-link=\"http:\/\/www.ifbaiano.edu.br\/unidades\/santaines\/?attachment_id=12390\" class=\"wp-image-12390\" \/><\/figure><\/li><li class=\"blocks-gallery-item\"><figure><img decoding=\"async\" loading=\"lazy\" width=\"1600\" height=\"1067\" src=\"http:\/\/www.ifbaiano.edu.br\/unidades\/santaines\/files\/2019\/08\/DSC04544.jpg\" alt=\"\" data-id=\"12391\" data-link=\"http:\/\/www.ifbaiano.edu.br\/unidades\/santaines\/?attachment_id=12391\" class=\"wp-image-12391\" \/><\/figure><\/li><li class=\"blocks-gallery-item\"><figure><img decoding=\"async\" loading=\"lazy\" width=\"1600\" height=\"1067\" src=\"http:\/\/www.ifbaiano.edu.br\/unidades\/santaines\/files\/2019\/08\/DSC04545.jpg\" alt=\"\" data-id=\"12392\" data-link=\"http:\/\/www.ifbaiano.edu.br\/unidades\/santaines\/?attachment_id=12392\" class=\"wp-image-12392\" \/><\/figure><\/li><li class=\"blocks-gallery-item\"><figure><img decoding=\"async\" loading=\"lazy\" width=\"1600\" height=\"1069\" src=\"http:\/\/www.ifbaiano.edu.br\/unidades\/santaines\/files\/2019\/08\/DSC04556.jpg\" alt=\"\" data-id=\"12393\" data-link=\"http:\/\/www.ifbaiano.edu.br\/unidades\/santaines\/?attachment_id=12393\" class=\"wp-image-12393\" \/><\/figure><\/li><li class=\"blocks-gallery-item\"><figure><img decoding=\"async\" loading=\"lazy\" width=\"1600\" height=\"903\" src=\"http:\/\/www.ifbaiano.edu.br\/unidades\/santaines\/files\/2019\/08\/DSC04568-1.jpg\" alt=\"\" data-id=\"12394\" data-link=\"http:\/\/www.ifbaiano.edu.br\/unidades\/santaines\/?attachment_id=12394\" class=\"wp-image-12394\" \/><\/figure><\/li><li class=\"blocks-gallery-item\"><figure><img decoding=\"async\" loading=\"lazy\" width=\"1600\" height=\"903\" src=\"http:\/\/www.ifbaiano.edu.br\/unidades\/santaines\/files\/2019\/08\/DSC04569-1.jpg\" alt=\"\" data-id=\"12395\" data-link=\"http:\/\/www.ifbaiano.edu.br\/unidades\/santaines\/?attachment_id=12395\" class=\"wp-image-12395\" \/><\/figure><\/li><li class=\"blocks-gallery-item\"><figure><img decoding=\"async\" loading=\"lazy\" width=\"1600\" height=\"901\" src=\"http:\/\/www.ifbaiano.edu.br\/unidades\/santaines\/files\/2019\/08\/DSC04588.jpg\" alt=\"\" data-id=\"12396\" data-link=\"http:\/\/www.ifbaiano.edu.br\/unidades\/santaines\/?attachment_id=12396\" class=\"wp-image-12396\" \/><\/figure><\/li><li class=\"blocks-gallery-item\"><figure><img decoding=\"async\" loading=\"lazy\" width=\"1600\" height=\"1067\" src=\"http:\/\/www.ifbaiano.edu.br\/unidades\/santaines\/files\/2019\/08\/DSC04644.jpg\" alt=\"\" data-id=\"12397\" data-link=\"http:\/\/www.ifbaiano.edu.br\/unidades\/santaines\/?attachment_id=12397\" class=\"wp-image-12397\" \/><\/figure><\/li><li class=\"blocks-gallery-item\"><figure><img decoding=\"async\" loading=\"lazy\" width=\"1600\" height=\"1070\" src=\"http:\/\/www.ifbaiano.edu.br\/unidades\/santaines\/files\/2019\/08\/DSC04648.jpg\" alt=\"\" data-id=\"12398\" data-link=\"http:\/\/www.ifbaiano.edu.br\/unidades\/santaines\/?attachment_id=12398\" class=\"wp-image-12398\" \/><\/figure><\/li><\/ul>\n\n\n\n<ul class=\"wp-block-gallery columns-0 is-cropped wp-block-gallery-3 is-layout-flex\"><\/ul>\n","protected":false},"excerpt":{"rendered":"<p>Encontro aconteceu no dia 04 de agosto, no Assentamento Natur de Assis, munic\u00edpio de Santa In\u00eas &#8211; BA.<\/p>\n","protected":false},"author":86,"featured_media":12380,"comment_status":"closed","ping_status":"closed","sticky":false,"template":"","format":"standard","meta":[],"categories":[4,13,37,10,57],"tags":[],"_links":{"self":[{"href":"https:\/\/www.ifbaiano.edu.br\/unidades\/santaines\/wp-json\/wp\/v2\/posts\/12378"}],"collection":[{"href":"https:\/\/www.ifbaiano.edu.br\/unidades\/santaines\/wp-json\/wp\/v2\/posts"}],"about":[{"href":"https:\/\/www.ifbaiano.edu.br\/unidades\/santaines\/wp-json\/wp\/v2\/types\/post"}],"author":[{"embeddable":true,"href":"https:\/\/www.ifbaiano.edu.br\/unidades\/santaines\/wp-json\/wp\/v2\/users\/86"}],"replies":[{"embeddable":true,"href":"https:\/\/www.ifbaiano.edu.br\/unidades\/santaines\/wp-json\/wp\/v2\/comments?post=12378"}],"version-history":[{"count":1,"href":"https:\/\/www.ifbaiano.edu.br\/unidades\/santaines\/wp-json\/wp\/v2\/posts\/12378\/revisions"}],"predecessor-version":[{"id":12399,"href":"https:\/\/www.ifbaiano.edu.br\/unidades\/santaines\/wp-json\/wp\/v2\/posts\/12378\/revisions\/12399"}],"wp:featuredmedia":[{"embeddable":true,"href":"https:\/\/www.ifbaiano.edu.br\/unidades\/santaines\/wp-json\/wp\/v2\/media\/12380"}],"wp:attachment":[{"href":"https:\/\/www.ifbaiano.edu.br\/unidades\/santaines\/wp-json\/wp\/v2\/media?parent=12378"}],"wp:term":[{"taxonomy":"category","embeddable":true,"href":"https:\/\/www.ifbaiano.edu.br\/unidades\/santaines\/wp-json\/wp\/v2\/categories?post=12378"},{"taxonomy":"post_tag","embeddable":true,"href":"https:\/\/www.ifbaiano.edu.br\/unidades\/santaines\/wp-json\/wp\/v2\/tags?post=12378"}],"curies":[{"name":"wp","href":"https:\/\/api.w.org\/{rel}","templated":true}]}}