{"id":12405,"date":"2019-08-14T16:00:56","date_gmt":"2019-08-14T19:00:56","guid":{"rendered":"http:\/\/www.ifbaiano.edu.br\/unidades\/santaines\/?p=12405"},"modified":"2019-08-16T11:23:42","modified_gmt":"2019-08-16T14:23:42","slug":"iii-semana-de-geografia-e-realizada-no-if-baiano-campus-santa-ines","status":"publish","type":"post","link":"https:\/\/www.ifbaiano.edu.br\/unidades\/santaines\/iii-semana-de-geografia-e-realizada-no-if-baiano-campus-santa-ines\/","title":{"rendered":"III Semana de Geografia \u00e9 realizada no IF  Baiano Campus Santa In\u00eas"},"content":{"rendered":"\n<figure class=\"wp-block-image\"><img decoding=\"async\" loading=\"lazy\" width=\"1451\" height=\"966\" src=\"http:\/\/www.ifbaiano.edu.br\/unidades\/santaines\/files\/2019\/08\/IMG_2598.jpg\" alt=\"\" class=\"wp-image-12406\" \/><\/figure>\n\n\n\n<p>A 3\u00aa edi\u00e7\u00e3o da Semana de Geografia do IF Baiano foi realizada entre os dias 31\/07 \u00e0 02\/08\/2019 no <em>Campus<\/em> Santa In\u00eas. O evento, que contou com a participa\u00e7\u00e3o de 152 inscritos, teve como tema central: \u201cO Pensar e o Ser do\/da professor\/a de Geografia na atualidade\u201d. A programa\u00e7\u00e3o do evento foi aberta com a participa\u00e7\u00e3o do Prof. Dr. Cl\u00edmaco C\u00e9sar Siqueira Dias\/UFBA e do Prof. Ms. Carlos Magno Augusto Sampaio\/IF Baiano que debateram sobre a \u201cA Conjuntura Atual e a Profissionaliza\u00e7\u00e3o Docente nas Ci\u00eancias Humanas e na Geografia\u201d.  <\/p>\n\n\n\n<p>Essa edi\u00e7\u00e3o da Semana de Geografia discutiu a forma\u00e7\u00e3o docente na institui\u00e7\u00e3o atrav\u00e9s da realiza\u00e7\u00e3o da Roda de Conversas sobre \u201cA Forma\u00e7\u00e3o do Professor de Geografia e a Experi\u00eancia no IF Baiano <em>Campus<\/em> Santa In\u00eas\u201d. Com a media\u00e7\u00e3o da Prof.\u00aa. Ms. Arlene Andrade Malta, da Prof.\u00aa. Dra. Patr\u00edcia Carla Alves Pena e do Prof. Ms. Wasley de Jesus Santos, estudantes e professores da educa\u00e7\u00e3o b\u00e1sica do Vale do Jiquiri\u00e7\u00e1 refletiram sobre a forma\u00e7\u00e3o ofertada pelo curso de Licenciatura em Geografia do <em>campus<\/em>, que, em 2020, completar\u00e1 uma d\u00e9cada. <\/p>\n\n\n\n<p>Houve, ainda, o lan\u00e7amento do Caderno Conflitos no Campo 2018, com a participa\u00e7\u00e3o da Prof.\u00aa. Dra. Hingryd In\u00e1cio de Freitas\/IFBA e de Magno Luiz da Costa Oliveira\/CPT. O Caderno Conflitos no Campo \u00e9 uma publica\u00e7\u00e3o anual da Comiss\u00e3o Pastoral da Terra que torna p\u00fablicos os dados de conflitos ocorridos no campo no Brasil, sendo de grande relev\u00e2ncia para o conhecimento da situa\u00e7\u00e3o do campo brasileiro diante do avan\u00e7o expressivo do capital.<br><\/p>\n\n\n\n<p>Dentre os 152 inscritos na III Semana de Geografia, 84% pertencem \u00e0 comunidade do IF Baiano e os 16% restantes s\u00e3o vinculados a outras institui\u00e7\u00f5es, como UFRB, UNEB e IFBA. Dentre os participantes, 84% eram estudante de gradua\u00e7\u00e3o, 7,4% professores da educa\u00e7\u00e3o b\u00e1sica, 5,6% egressos do curso de Licenciatura em Geografia e 4% outros. Os participantes puderam apreciar os 52 trabalhos apresentados nos 4 eixos de discuss\u00e3o do evento: Geografia e Educa\u00e7\u00e3o; Geografia F\u00edsica; Geografia Humana; e Geografia, Ra\u00e7a, G\u00eanero e Sexualidades.  <\/p>\n\n\n\n<p>Segundo a Coordenadora do evento, Prof.\u00aa Aline Lima, \u201cApesar dos cortes na  educa\u00e7\u00e3o, o empenho dos professores e dos estudantes do Campus garantiu  que a atividade ocorresse com brilhantismo e com o diferencial de  envolver estudantes de outras institui\u00e7\u00f5es de ensino e, principalmente,  professores da Educa\u00e7\u00e3o B\u00e1sica do Territ\u00f3rio de Identidade Vale do  Jiquiri\u00e7\u00e1\u201d. <br> <br>Um dos participantes do evento, T\u00e1ssio Santana, licenciando em Geografia  da UNEB Campus Santo Antonio de Jesus que compartilhou um trabalho cient\u00edfico  &#8220;Conjuntura Pol\u00edtica a partir das elei\u00e7\u00f5es de 2018 e seus reflexos  na sociedade&#8221; fez o seguinte registro &#8220;Aproveito o momento para ressaltar sobre a necessidade de  criar v\u00ednculos com as institui\u00e7\u00f5es que s\u00e3o mais pr\u00f3ximas de n\u00f3s: do  nosso Rec\u00f4ncavo e do Vale&#8221; e ainda acrescentou &#8220;o evento possui uma qualidade indiscut\u00edvel e  fomenta discuss\u00f5es pertinentes para os profissionais da Geografia\u201d.<\/p>\n\n\n\n<p><strong>Veja registro abaixo de alguns momentos do evento:<\/strong><\/p>\n\n\n\n<ul class=\"wp-block-gallery columns-3 is-cropped wp-block-gallery-1 is-layout-flex\"><li class=\"blocks-gallery-item\"><figure><img decoding=\"async\" loading=\"lazy\" width=\"1451\" height=\"966\" src=\"http:\/\/www.ifbaiano.edu.br\/unidades\/santaines\/files\/2019\/08\/IMG_2610.jpg\" alt=\"\" data-id=\"12407\" data-link=\"http:\/\/www.ifbaiano.edu.br\/unidades\/santaines\/?attachment_id=12407\" class=\"wp-image-12407\" \/><\/figure><\/li><li class=\"blocks-gallery-item\"><figure><img decoding=\"async\" loading=\"lazy\" width=\"1451\" height=\"966\" src=\"http:\/\/www.ifbaiano.edu.br\/unidades\/santaines\/files\/2019\/08\/IMG_2619.jpg\" alt=\"\" data-id=\"12408\" data-link=\"http:\/\/www.ifbaiano.edu.br\/unidades\/santaines\/?attachment_id=12408\" class=\"wp-image-12408\" \/><\/figure><\/li><li class=\"blocks-gallery-item\"><figure><img decoding=\"async\" loading=\"lazy\" width=\"1449\" height=\"966\" src=\"http:\/\/www.ifbaiano.edu.br\/unidades\/santaines\/files\/2019\/08\/IMG_2637.jpg\" alt=\"\" data-id=\"12409\" data-link=\"http:\/\/www.ifbaiano.edu.br\/unidades\/santaines\/?attachment_id=12409\" class=\"wp-image-12409\" \/><\/figure><\/li><li class=\"blocks-gallery-item\"><figure><img decoding=\"async\" loading=\"lazy\" width=\"1449\" height=\"966\" src=\"http:\/\/www.ifbaiano.edu.br\/unidades\/santaines\/files\/2019\/08\/IMG_2640.jpg\" alt=\"\" data-id=\"12410\" data-link=\"http:\/\/www.ifbaiano.edu.br\/unidades\/santaines\/?attachment_id=12410\" class=\"wp-image-12410\" \/><\/figure><\/li><li class=\"blocks-gallery-item\"><figure><img decoding=\"async\" loading=\"lazy\" width=\"1449\" height=\"966\" src=\"http:\/\/www.ifbaiano.edu.br\/unidades\/santaines\/files\/2019\/08\/IMG_7086.jpg\" alt=\"\" data-id=\"12411\" data-link=\"http:\/\/www.ifbaiano.edu.br\/unidades\/santaines\/?attachment_id=12411\" class=\"wp-image-12411\" \/><\/figure><\/li><li class=\"blocks-gallery-item\"><figure><img decoding=\"async\" loading=\"lazy\" width=\"1449\" height=\"966\" src=\"http:\/\/www.ifbaiano.edu.br\/unidades\/santaines\/files\/2019\/08\/IMG_7094.jpg\" alt=\"\" data-id=\"12412\" data-link=\"http:\/\/www.ifbaiano.edu.br\/unidades\/santaines\/?attachment_id=12412\" class=\"wp-image-12412\" \/><\/figure><\/li><li class=\"blocks-gallery-item\"><figure><img decoding=\"async\" loading=\"lazy\" width=\"1449\" height=\"966\" src=\"http:\/\/www.ifbaiano.edu.br\/unidades\/santaines\/files\/2019\/08\/IMG_7116.jpg\" alt=\"\" data-id=\"12413\" data-link=\"http:\/\/www.ifbaiano.edu.br\/unidades\/santaines\/?attachment_id=12413\" class=\"wp-image-12413\" \/><\/figure><\/li><li class=\"blocks-gallery-item\"><figure><img decoding=\"async\" loading=\"lazy\" width=\"1449\" height=\"966\" src=\"http:\/\/www.ifbaiano.edu.br\/unidades\/santaines\/files\/2019\/08\/IMG_7210.jpg\" alt=\"\" data-id=\"12414\" data-link=\"http:\/\/www.ifbaiano.edu.br\/unidades\/santaines\/?attachment_id=12414\" class=\"wp-image-12414\" \/><\/figure><\/li><li class=\"blocks-gallery-item\"><figure><img decoding=\"async\" loading=\"lazy\" width=\"1449\" height=\"966\" src=\"http:\/\/www.ifbaiano.edu.br\/unidades\/santaines\/files\/2019\/08\/IMG_7230.jpg\" alt=\"\" data-id=\"12415\" data-link=\"http:\/\/www.ifbaiano.edu.br\/unidades\/santaines\/?attachment_id=12415\" class=\"wp-image-12415\" \/><\/figure><\/li><li class=\"blocks-gallery-item\"><figure><img decoding=\"async\" loading=\"lazy\" width=\"1449\" height=\"966\" src=\"http:\/\/www.ifbaiano.edu.br\/unidades\/santaines\/files\/2019\/08\/IMG_7269.jpg\" alt=\"\" data-id=\"12416\" data-link=\"http:\/\/www.ifbaiano.edu.br\/unidades\/santaines\/?attachment_id=12416\" class=\"wp-image-12416\" \/><\/figure><\/li><li class=\"blocks-gallery-item\"><figure><img decoding=\"async\" loading=\"lazy\" width=\"1449\" height=\"966\" src=\"http:\/\/www.ifbaiano.edu.br\/unidades\/santaines\/files\/2019\/08\/IMG_7300.jpg\" alt=\"\" data-id=\"12417\" data-link=\"http:\/\/www.ifbaiano.edu.br\/unidades\/santaines\/?attachment_id=12417\" class=\"wp-image-12417\" \/><\/figure><\/li><\/ul>\n\n\n\n<p><br><\/p>\n","protected":false},"excerpt":{"rendered":"<p>A 3\u00aa edi\u00e7\u00e3o da Semana de Geografia do IF Baiano foi realizada entre os dias 31\/07 \u00e0 02\/08\/2019 no Campus Santa In\u00eas. O evento, que contou com a participa\u00e7\u00e3o de 152 inscritos, teve como tema central: \u201cO Pensar e o Ser do\/da professor\/a de Geografia na atualidade\u201d. A programa\u00e7\u00e3o do evento foi aberta com a [&hellip;]<\/p>\n","protected":false},"author":86,"featured_media":12050,"comment_status":"closed","ping_status":"closed","sticky":false,"template":"","format":"standard","meta":[],"categories":[4,12,37,10,57],"tags":[],"_links":{"self":[{"href":"https:\/\/www.ifbaiano.edu.br\/unidades\/santaines\/wp-json\/wp\/v2\/posts\/12405"}],"collection":[{"href":"https:\/\/www.ifbaiano.edu.br\/unidades\/santaines\/wp-json\/wp\/v2\/posts"}],"about":[{"href":"https:\/\/www.ifbaiano.edu.br\/unidades\/santaines\/wp-json\/wp\/v2\/types\/post"}],"author":[{"embeddable":true,"href":"https:\/\/www.ifbaiano.edu.br\/unidades\/santaines\/wp-json\/wp\/v2\/users\/86"}],"replies":[{"embeddable":true,"href":"https:\/\/www.ifbaiano.edu.br\/unidades\/santaines\/wp-json\/wp\/v2\/comments?post=12405"}],"version-history":[{"count":5,"href":"https:\/\/www.ifbaiano.edu.br\/unidades\/santaines\/wp-json\/wp\/v2\/posts\/12405\/revisions"}],"predecessor-version":[{"id":12423,"href":"https:\/\/www.ifbaiano.edu.br\/unidades\/santaines\/wp-json\/wp\/v2\/posts\/12405\/revisions\/12423"}],"wp:featuredmedia":[{"embeddable":true,"href":"https:\/\/www.ifbaiano.edu.br\/unidades\/santaines\/wp-json\/wp\/v2\/media\/12050"}],"wp:attachment":[{"href":"https:\/\/www.ifbaiano.edu.br\/unidades\/santaines\/wp-json\/wp\/v2\/media?parent=12405"}],"wp:term":[{"taxonomy":"category","embeddable":true,"href":"https:\/\/www.ifbaiano.edu.br\/unidades\/santaines\/wp-json\/wp\/v2\/categories?post=12405"},{"taxonomy":"post_tag","embeddable":true,"href":"https:\/\/www.ifbaiano.edu.br\/unidades\/santaines\/wp-json\/wp\/v2\/tags?post=12405"}],"curies":[{"name":"wp","href":"https:\/\/api.w.org\/{rel}","templated":true}]}}