{"id":12424,"date":"2019-08-15T10:47:15","date_gmt":"2019-08-15T13:47:15","guid":{"rendered":"http:\/\/www.ifbaiano.edu.br\/unidades\/santaines\/?p=12424"},"modified":"2019-08-15T10:47:15","modified_gmt":"2019-08-15T13:47:15","slug":"if-baiano-realiza-pesquisa-para-implantacao-de-cursos-ead","status":"publish","type":"post","link":"https:\/\/www.ifbaiano.edu.br\/unidades\/santaines\/if-baiano-realiza-pesquisa-para-implantacao-de-cursos-ead\/","title":{"rendered":"IF Baiano realiza pesquisa para implanta\u00e7\u00e3o de cursos EaD"},"content":{"rendered":"\n<p>Voc\u00ea sabia que pode ajudar a escolher os cursos que ser\u00e3o ofertados pelo IF Baiano? At\u00e9 31 de dezembro, est\u00e1 dispon\u00edvel para contribui\u00e7\u00e3o da popula\u00e7\u00e3o pesquisa de demanda que servir\u00e1 de base para a implanta\u00e7\u00e3o de cursos da modalidade de Educa\u00e7\u00e3o a Dist\u00e2ncia (EaD) na institui\u00e7\u00e3o.<\/p>\n\n\n\n<p>O objetivo da pesquisa \u00e9 medir o interesse da comunidade em estudar no Instituto, tendo em vista a possibilidade da oferta, na modalidade de Educa\u00e7\u00e3o a Dist\u00e2ncia, de cursos t\u00e9cnicos de n\u00edvel m\u00e9dio, de gradua\u00e7\u00e3o (tecnologia, licenciaturas, bacharelados), de p\u00f3s-gradua\u00e7\u00e3o (especializa\u00e7\u00e3o), de idiomas, al\u00e9m de cursos de curta dura\u00e7\u00e3o, como os cursos FIC (curta dura\u00e7\u00e3o) e cursos da plataforma Mooc (<em>massive open online course<\/em>).<\/p>\n\n\n\n<p>Al\u00e9m de serem gratuitos, outra vantagem dos cursos da modalidade \u00e0 dist\u00e2ncia oferecidos pelo IF Baiano, \u00e9 que eles podem ser realizados de acordo com disponibilidade de tempo do estudante, sem preju\u00edzo da qualidade e aprendizagem do conte\u00fado.<\/p>\n\n\n\n<p>De acordo com o diretor de Educa\u00e7\u00e3o a Dist\u00e2ncia do IF Baiano, Thonny Hawany, espera-se que pelo menos 1% da popula\u00e7\u00e3o baiana possa ser ouvida pelo estudo. \u201cDe posse da pesquisa, pretende-se, nos pr\u00f3ximos 3 anos, implantar os principais cursos almejados pela popula\u00e7\u00e3o baiana\u201d, informou.<\/p>\n\n\n\n<p>A pesquisa de demanda de cursos EaD tem duas fases: na primeira, que ser\u00e1 finalizada em 30 de setembro, ser\u00e3o retirados dados que ir\u00e3o inteirar o relat\u00f3rio de demanda para orientar a implanta\u00e7\u00e3o de novos cursos na institui\u00e7\u00e3o em 2020. J\u00e1 em janeiro e fevereiro do pr\u00f3ximo ano, ser\u00e1 analisada a totalidade dos dados a fim de que seja escrito o relat\u00f3rio final de pesquisa de demanda para cursos EaD do IF Baiano com vig\u00eancia de 3 anos, prorrog\u00e1veis por igual tempo.<\/p>\n\n\n\n<p>Acesse&nbsp;<a href=\"http:\/\/opinanovo.ifbaiano.edu.br\/index.php\/253835?lang=pt-BR\">aqui<\/a>&nbsp;o question\u00e1rio e contribua com a pesquisa.<\/p>\n","protected":false},"excerpt":{"rendered":"<p>Voc\u00ea sabia que pode ajudar a escolher os cursos que ser\u00e3o ofertados pelo IF Baiano? At\u00e9 31 de dezembro, est\u00e1 dispon\u00edvel para contribui\u00e7\u00e3o da popula\u00e7\u00e3o pesquisa de demanda que servir\u00e1 de base para a implanta\u00e7\u00e3o de cursos da modalidade de Educa\u00e7\u00e3o a Dist\u00e2ncia (EaD) na institui\u00e7\u00e3o. O objetivo da pesquisa \u00e9 medir o interesse da [&hellip;]<\/p>\n","protected":false},"author":86,"featured_media":0,"comment_status":"closed","ping_status":"closed","sticky":false,"template":"","format":"standard","meta":[],"categories":[4,10,57],"tags":[],"_links":{"self":[{"href":"https:\/\/www.ifbaiano.edu.br\/unidades\/santaines\/wp-json\/wp\/v2\/posts\/12424"}],"collection":[{"href":"https:\/\/www.ifbaiano.edu.br\/unidades\/santaines\/wp-json\/wp\/v2\/posts"}],"about":[{"href":"https:\/\/www.ifbaiano.edu.br\/unidades\/santaines\/wp-json\/wp\/v2\/types\/post"}],"author":[{"embeddable":true,"href":"https:\/\/www.ifbaiano.edu.br\/unidades\/santaines\/wp-json\/wp\/v2\/users\/86"}],"replies":[{"embeddable":true,"href":"https:\/\/www.ifbaiano.edu.br\/unidades\/santaines\/wp-json\/wp\/v2\/comments?post=12424"}],"version-history":[{"count":1,"href":"https:\/\/www.ifbaiano.edu.br\/unidades\/santaines\/wp-json\/wp\/v2\/posts\/12424\/revisions"}],"predecessor-version":[{"id":12425,"href":"https:\/\/www.ifbaiano.edu.br\/unidades\/santaines\/wp-json\/wp\/v2\/posts\/12424\/revisions\/12425"}],"wp:attachment":[{"href":"https:\/\/www.ifbaiano.edu.br\/unidades\/santaines\/wp-json\/wp\/v2\/media?parent=12424"}],"wp:term":[{"taxonomy":"category","embeddable":true,"href":"https:\/\/www.ifbaiano.edu.br\/unidades\/santaines\/wp-json\/wp\/v2\/categories?post=12424"},{"taxonomy":"post_tag","embeddable":true,"href":"https:\/\/www.ifbaiano.edu.br\/unidades\/santaines\/wp-json\/wp\/v2\/tags?post=12424"}],"curies":[{"name":"wp","href":"https:\/\/api.w.org\/{rel}","templated":true}]}}