{"id":12426,"date":"2019-09-05T18:23:45","date_gmt":"2019-09-05T21:23:45","guid":{"rendered":"http:\/\/www.ifbaiano.edu.br\/unidades\/santaines\/?p=12426"},"modified":"2019-09-09T13:19:13","modified_gmt":"2019-09-09T16:19:13","slug":"campus-santa-ines-seleciona-estudantes-para-monitoria-voluntaria","status":"publish","type":"post","link":"https:\/\/www.ifbaiano.edu.br\/unidades\/santaines\/campus-santa-ines-seleciona-estudantes-para-monitoria-voluntaria\/","title":{"rendered":"Campus Santa In\u00eas Seleciona estudantes para Monitoria Volunt\u00e1ria"},"content":{"rendered":"\n<figure class=\"wp-block-image\"><img decoding=\"async\" loading=\"lazy\" width=\"717\" height=\"483\" src=\"http:\/\/www.ifbaiano.edu.br\/unidades\/santaines\/files\/2019\/08\/Monitoria.png\" alt=\"\" class=\"wp-image-12479\" \/><\/figure>\n\n\n\n<p>O Diretor-Geral do IF Baiano <em>Campus<\/em> Santa In\u00eas torna p\u00fablico o Edital de Sele\u00e7\u00e3o de Monitores\/as Volunt\u00e1rios\/as para os Cursos T\u00e9cnicos Integrados ao Ensino M\u00e9dio do IF Baiano <em>Campus<\/em> Santa In\u00eas.  <\/p>\n\n\n\n<p>\n\nAs inscri\u00e7\u00f5es no Processo Seletivo ser\u00e3o realizadas no Setor de Protocolo da Secretaria de Registros Acad\u00eamicos do <em>Campus<\/em> Santa In\u00eas, no per\u00edodo de 19\/08\/2019 a 29\/08\/2019 (dias \u00fateis), no hor\u00e1rio de 07h30min \u00e0s 11h30min, 13h30min \u00e0s 17h30min. \n\n<\/p>\n\n\n\n<p>O Programa de Monitoria do IF Baiano <em>Campus<\/em> Santa In\u00eas, destina-se a sele\u00e7\u00e3o de estudantes devidamente matriculados\/as nos Cursos T\u00e9cnicos Integrados ao N\u00edvel M\u00e9dio de Agropecu\u00e1ria, Alimentos, Zootecnia e Subsequente de Inform\u00e1tica da Institui\u00e7\u00e3o para o preenchimento das vagas de monitoria em seus respectivos cursos.<\/p>\n\n\n\n<p>As monitorias ser\u00e3o realizadas a partir do desenvolvimento de grupos de estudos, oficinas, produ\u00e7\u00e3o de materiais did\u00e1ticos e estrat\u00e9gias que auxiliem no aprendizado.<\/p>\n\n\n\n<ul><li><strong><a href=\"http:\/\/www.ifbaiano.edu.br\/unidades\/santaines\/files\/2019\/09\/Resultado-Final.pdf\">Resultado Final<\/a><\/strong><\/li><\/ul>\n\n\n\n<ul><li><strong><a href=\"http:\/\/www.ifbaiano.edu.br\/unidades\/santaines\/files\/2019\/09\/Resultado-Segunda-Etapa-Entrevista.pdf\">Resultado da 2\u00aa  Etapa &#8211; Entrevista<\/a><\/strong><\/li><\/ul>\n\n\n\n<ul><li><a href=\"http:\/\/www.ifbaiano.edu.br\/unidades\/santaines\/files\/2019\/09\/Cronograma-horario-entrevistas.pdf\"><strong>Cronograma de Hor\u00e1rios das Entrevistas<\/strong><\/a><\/li><\/ul>\n\n\n\n<ul><li><strong><a href=\"http:\/\/www.ifbaiano.edu.br\/unidades\/santaines\/files\/2019\/09\/Resultado-Primeira-Etapa-Analise-de-documentos.pdf\">Resultado da 1\u00aa Etapa de Sele\u00e7\u00e3o (An\u00e1lise Documental)<\/a><\/strong><\/li><\/ul>\n\n\n\n<ul><li><strong><a href=\"http:\/\/www.ifbaiano.edu.br\/unidades\/santaines\/files\/2019\/08\/Inscri\u00e7\u00f5es-Homologadas-Monitoria_-Edital-12.2019.pdf\">Inscri\u00e7\u00f5es Homologadas<\/a><\/strong><\/li><\/ul>\n\n\n\n<ul><li><strong><a href=\"http:\/\/www.ifbaiano.edu.br\/unidades\/santaines\/files\/2019\/08\/Retificacao-2-do-edital-de-monitoria.pdf\">Edital _ Retifica\u00e7\u00e3o 2<\/a><\/strong><\/li><\/ul>\n\n\n\n<ul><li><strong><a href=\"http:\/\/www.ifbaiano.edu.br\/unidades\/santaines\/files\/2019\/08\/Retificacao-do-edital-de-monitoria-n-12-2.pdf\">Edital _ Retifica\u00e7\u00e3o 1<\/a><\/strong><\/li><\/ul>\n\n\n\n<ul><li>Para maiores informa\u00e7\u00f5es <strong><a href=\"http:\/\/www.ifbaiano.edu.br\/unidades\/santaines\/files\/2019\/08\/EDITAL-N-12.2019-Cursos-Tecnicos-Monitoria-Voluntaria.pdf\">CLIQUE AQUI e veja o EDITAL<\/a><\/strong><\/li><\/ul>\n\n\n\n<p><\/p>\n","protected":false},"excerpt":{"rendered":"<p>As inscri\u00e7\u00f5es foram prorrogadas at\u00e9 29\/08\/2019 (dias \u00fateis)<\/p>\n","protected":false},"author":86,"featured_media":0,"comment_status":"closed","ping_status":"closed","sticky":false,"template":"","format":"standard","meta":[],"categories":[4,38,13,10,8,57],"tags":[],"_links":{"self":[{"href":"https:\/\/www.ifbaiano.edu.br\/unidades\/santaines\/wp-json\/wp\/v2\/posts\/12426"}],"collection":[{"href":"https:\/\/www.ifbaiano.edu.br\/unidades\/santaines\/wp-json\/wp\/v2\/posts"}],"about":[{"href":"https:\/\/www.ifbaiano.edu.br\/unidades\/santaines\/wp-json\/wp\/v2\/types\/post"}],"author":[{"embeddable":true,"href":"https:\/\/www.ifbaiano.edu.br\/unidades\/santaines\/wp-json\/wp\/v2\/users\/86"}],"replies":[{"embeddable":true,"href":"https:\/\/www.ifbaiano.edu.br\/unidades\/santaines\/wp-json\/wp\/v2\/comments?post=12426"}],"version-history":[{"count":10,"href":"https:\/\/www.ifbaiano.edu.br\/unidades\/santaines\/wp-json\/wp\/v2\/posts\/12426\/revisions"}],"predecessor-version":[{"id":12612,"href":"https:\/\/www.ifbaiano.edu.br\/unidades\/santaines\/wp-json\/wp\/v2\/posts\/12426\/revisions\/12612"}],"wp:attachment":[{"href":"https:\/\/www.ifbaiano.edu.br\/unidades\/santaines\/wp-json\/wp\/v2\/media?parent=12426"}],"wp:term":[{"taxonomy":"category","embeddable":true,"href":"https:\/\/www.ifbaiano.edu.br\/unidades\/santaines\/wp-json\/wp\/v2\/categories?post=12426"},{"taxonomy":"post_tag","embeddable":true,"href":"https:\/\/www.ifbaiano.edu.br\/unidades\/santaines\/wp-json\/wp\/v2\/tags?post=12426"}],"curies":[{"name":"wp","href":"https:\/\/api.w.org\/{rel}","templated":true}]}}