{"id":12434,"date":"2019-08-19T15:24:26","date_gmt":"2019-08-19T18:24:26","guid":{"rendered":"http:\/\/www.ifbaiano.edu.br\/unidades\/santaines\/?p=12434"},"modified":"2019-08-26T17:07:34","modified_gmt":"2019-08-26T20:07:34","slug":"campus-santa-ines-presente-em-aula-inaugural-do-curso-ead-na-cidade-de-maracas-ba","status":"publish","type":"post","link":"https:\/\/www.ifbaiano.edu.br\/unidades\/santaines\/campus-santa-ines-presente-em-aula-inaugural-do-curso-ead-na-cidade-de-maracas-ba\/","title":{"rendered":"Campus Santa In\u00eas presente em aula inaugural do Curso EaD na cidade de Marac\u00e1s-BA"},"content":{"rendered":"\n<figure class=\"wp-block-image\"><img decoding=\"async\" loading=\"lazy\" width=\"633\" height=\"371\" src=\"http:\/\/www.ifbaiano.edu.br\/unidades\/santaines\/files\/2019\/08\/199f7632-36b2-4cc4-82ee-24ffa127bfd0-3.jpg\" alt=\"\" class=\"wp-image-12447\" \/><\/figure>\n\n\n\n<p>Na \u00faltima quinta-feira (15\/08\/2019) o Diretor Geral, Prof Abdon Santos  Nogueira, e o Coordenador de Ensino Prof Vin\u00edcius Figueir\u00eado, do IF Baiano Campus Santa In\u00eas, estiveram presentes na Secretaria de Educa\u00e7\u00e3o do Munic\u00edpio de Marac\u00e1s-BA para realiza\u00e7\u00e3o da aula inaugural do curso de Secretaria Escolar na modalidade Educa\u00e7\u00e3o a Dist\u00e2ncia &#8211; EaD. <\/p>\n\n\n\n<p>Atrav\u00e9s da parceria entre o IF Baiano Campus Santa In\u00eas e a Secretaria de Educa\u00e7\u00e3o de Marac\u00e1s, foi poss\u00edvel viabilizar a implanta\u00e7\u00e3o do curso que conta com a Prof.\u00aa Cl\u00e1udia Bocchese como respons\u00e1vel pelos cursos EaD no Campus Santa In\u00eas. <\/p>\n\n\n\n<p>Segundo o Prof. Abdon &#8220;a parceria do IF Baiano com os munic\u00edpios do Territ\u00f3rio do vale do Jiquiri\u00e7\u00e1 \u00e9 de grande import\u00e2ncia no fortalecimento das rela\u00e7\u00f5es, bem como, cumprir de maneira efetiva o compromisso social que o Instituto pode oferecer al\u00e9m de uma Educa\u00e7\u00e3o P\u00fablica e de Qualidade&#8221;.  <\/p>\n\n\n\n<p>O professor Vin\u00edcius, Coordenador de Ensino, acrescenta que &#8220;Estimular o constante aprimoramento na forma\u00e7\u00e3o atrav\u00e9s da participa\u00e7\u00e3o em cursos, a exemplo da EaD permitem maior valoriza\u00e7\u00e3o destas pessoas que j\u00e1 atuam nas secretarias, contudo, \u00e9 fundamental a disciplina e organiza\u00e7\u00e3o de hor\u00e1rios para lograr \u00eaxito no curso. Essa \u00e9 uma oportunidade do IF Baiano demonstrar o potencial para atuar em diferentes cidades do Vale do Jiquiri\u00e7\u00e1, estreitando rela\u00e7\u00f5es institucionais e estimulando o ingresso nas distintas modalidades de ensino que o campus oferta&#8221;.&nbsp; <\/p>\n\n\n\n<ul class=\"wp-block-gallery columns-3 is-cropped wp-block-gallery-1 is-layout-flex\"><li class=\"blocks-gallery-item\"><figure><img decoding=\"async\" loading=\"lazy\" width=\"640\" height=\"388\" src=\"http:\/\/www.ifbaiano.edu.br\/unidades\/santaines\/files\/2019\/08\/6a934c01-ff00-44d8-9658-606af127898a-3.jpg\" alt=\"\" data-id=\"12448\" data-link=\"http:\/\/www.ifbaiano.edu.br\/unidades\/santaines\/?attachment_id=12448\" class=\"wp-image-12448\" \/><\/figure><\/li><li class=\"blocks-gallery-item\"><figure><img decoding=\"async\" loading=\"lazy\" width=\"640\" height=\"360\" src=\"http:\/\/www.ifbaiano.edu.br\/unidades\/santaines\/files\/2019\/08\/3648f847-8533-49c1-ab28-09973ff881af-3.jpg\" alt=\"\" data-id=\"12449\" data-link=\"http:\/\/www.ifbaiano.edu.br\/unidades\/santaines\/?attachment_id=12449\" class=\"wp-image-12449\" \/><\/figure><\/li><li class=\"blocks-gallery-item\"><figure><img decoding=\"async\" loading=\"lazy\" width=\"640\" height=\"385\" src=\"http:\/\/www.ifbaiano.edu.br\/unidades\/santaines\/files\/2019\/08\/c96f9c63-04c9-4cf3-881a-b6ebe3fcb526-3.jpg\" alt=\"\" data-id=\"12450\" data-link=\"http:\/\/www.ifbaiano.edu.br\/unidades\/santaines\/?attachment_id=12450\" class=\"wp-image-12450\" \/><\/figure><\/li><\/ul>\n","protected":false},"excerpt":{"rendered":"<p>Curso de Secretaria Escolar na modalidade Educa\u00e7\u00e3o a Dist\u00e2ncia &#8211; EaD<\/p>\n","protected":false},"author":86,"featured_media":12440,"comment_status":"closed","ping_status":"closed","sticky":false,"template":"","format":"standard","meta":[],"categories":[4,10,57],"tags":[],"_links":{"self":[{"href":"https:\/\/www.ifbaiano.edu.br\/unidades\/santaines\/wp-json\/wp\/v2\/posts\/12434"}],"collection":[{"href":"https:\/\/www.ifbaiano.edu.br\/unidades\/santaines\/wp-json\/wp\/v2\/posts"}],"about":[{"href":"https:\/\/www.ifbaiano.edu.br\/unidades\/santaines\/wp-json\/wp\/v2\/types\/post"}],"author":[{"embeddable":true,"href":"https:\/\/www.ifbaiano.edu.br\/unidades\/santaines\/wp-json\/wp\/v2\/users\/86"}],"replies":[{"embeddable":true,"href":"https:\/\/www.ifbaiano.edu.br\/unidades\/santaines\/wp-json\/wp\/v2\/comments?post=12434"}],"version-history":[{"count":3,"href":"https:\/\/www.ifbaiano.edu.br\/unidades\/santaines\/wp-json\/wp\/v2\/posts\/12434\/revisions"}],"predecessor-version":[{"id":12481,"href":"https:\/\/www.ifbaiano.edu.br\/unidades\/santaines\/wp-json\/wp\/v2\/posts\/12434\/revisions\/12481"}],"wp:featuredmedia":[{"embeddable":true,"href":"https:\/\/www.ifbaiano.edu.br\/unidades\/santaines\/wp-json\/wp\/v2\/media\/12440"}],"wp:attachment":[{"href":"https:\/\/www.ifbaiano.edu.br\/unidades\/santaines\/wp-json\/wp\/v2\/media?parent=12434"}],"wp:term":[{"taxonomy":"category","embeddable":true,"href":"https:\/\/www.ifbaiano.edu.br\/unidades\/santaines\/wp-json\/wp\/v2\/categories?post=12434"},{"taxonomy":"post_tag","embeddable":true,"href":"https:\/\/www.ifbaiano.edu.br\/unidades\/santaines\/wp-json\/wp\/v2\/tags?post=12434"}],"curies":[{"name":"wp","href":"https:\/\/api.w.org\/{rel}","templated":true}]}}