{"id":12454,"date":"2019-08-20T09:55:16","date_gmt":"2019-08-20T12:55:16","guid":{"rendered":"http:\/\/www.ifbaiano.edu.br\/unidades\/santaines\/?p=12454"},"modified":"2019-08-20T09:55:16","modified_gmt":"2019-08-20T12:55:16","slug":"professor-do-campus-santa-ines-participa-de-reuniao-do-comite-estadual-de-sanidade-de-abelhas","status":"publish","type":"post","link":"https:\/\/www.ifbaiano.edu.br\/unidades\/santaines\/professor-do-campus-santa-ines-participa-de-reuniao-do-comite-estadual-de-sanidade-de-abelhas\/","title":{"rendered":"Professor do Campus Santa In\u00eas participa de reuni\u00e3o do Comit\u00ea Estadual de Sanidade de Abelhas"},"content":{"rendered":"\n<p>No dia 08 de agosto o Professor Fred Juli\u00e3o, representando o IF Baiano Campus Santa In\u00eas, participou de reuni\u00e3o do Comit\u00ea Estadual de Sanidade de Abelhas ocorrido na cidade de Salvador, durante o II Encontro Baiano de Meliponicultura.<\/p>\n\n\n\n<p>O  Encontro Baiano de Meliponicultura , que aconteceu no Centro de Forma\u00e7\u00e3o da Secretaria de Desenvolvimento Rural (SDR) de 07 a 09\/08 , em Salvador , \u00e9 um evento promovido pela SDR, por meio da Companhia de Desenvolvimento e A\u00e7\u00e3o Regional (CAR), da Superintend\u00eancia Baiana de Assist\u00eancia T\u00e9cnica e Extens\u00e3o Rural (Bahiater) e a Federa\u00e7\u00e3o Baiana de Apicultura e de Meliponicultura (Febamel). \u00c9 considerado o maior evento espec\u00edfico sobre meliponicultura \u2013 atividade de cria\u00e7\u00e3o de abelhas sem ferr\u00e3o &#8211; no pa\u00eds. <\/p>\n\n\n\n<p>Al\u00e9m do Prof Fred que \u00e9 membro do Comit\u00ea Estadual de Sanidade de Abelhas  desde 2016, estiveram presentes nesta reuni\u00e3o representantes da Confedera\u00e7\u00e3o Brasileira de Apicultura, UFRB, INEMA, CAR, MAPA, ADAB entre outras institui\u00e7\u00f5es, cooperativas e empresas privadas.<\/p>\n\n\n\n<p>Foram discutidas a inser\u00e7\u00e3o de membro do comit\u00ea na pasta de apicultura\/meliponicultura no Minist\u00e9rio da Agricultura Pecu\u00e1ria e Abastecimento, em Bras\u00edlia; proposta de rede de diagn\u00f3stico de doen\u00e7as de abelhas; informes sobre o <em>Aethina T\u00famida<\/em> (pequeno besouro tamb\u00e9m chamado de besouro pequeno da colmeia). <\/p>\n\n\n\n<p>O Prof Fred tamb\u00e9m aproveitou a reuni\u00e3o para dialogar com o Prof Carlos Alfredo (UFRB) sobre o \u00e1caro de abelhas, inseto encontrado no Campus Santa In\u00eas e, ap\u00f3s seu retorno, participou de reuni\u00e3o, no Campus, com os membros do N\u00facleo de Estudos em Apicultura e Meliponicultura (NEAM) a fim de relatar os assuntos abordados no Comit\u00ea.<\/p>\n\n\n\n<ul class=\"wp-block-gallery columns-3 is-cropped wp-block-gallery-1 is-layout-flex\"><li class=\"blocks-gallery-item\"><figure><img decoding=\"async\" loading=\"lazy\" width=\"692\" height=\"960\" src=\"http:\/\/www.ifbaiano.edu.br\/unidades\/santaines\/files\/2019\/08\/66582684_347984852541389_1130077797625102336_n-1.jpg\" alt=\"\" data-id=\"12455\" data-link=\"http:\/\/www.ifbaiano.edu.br\/unidades\/santaines\/?attachment_id=12455\" class=\"wp-image-12455\" \/><\/figure><\/li><li class=\"blocks-gallery-item\"><figure><img decoding=\"async\" loading=\"lazy\" width=\"1025\" height=\"685\" src=\"http:\/\/www.ifbaiano.edu.br\/unidades\/santaines\/files\/2019\/08\/1-1.jpg\" alt=\"\" data-id=\"12456\" data-link=\"http:\/\/www.ifbaiano.edu.br\/unidades\/santaines\/?attachment_id=12456\" class=\"wp-image-12456\" \/><\/figure><\/li><li class=\"blocks-gallery-item\"><figure><img decoding=\"async\" loading=\"lazy\" width=\"1030\" height=\"685\" src=\"http:\/\/www.ifbaiano.edu.br\/unidades\/santaines\/files\/2019\/08\/2.jpg\" alt=\"\" data-id=\"12457\" data-link=\"http:\/\/www.ifbaiano.edu.br\/unidades\/santaines\/?attachment_id=12457\" class=\"wp-image-12457\" \/><\/figure><\/li><li class=\"blocks-gallery-item\"><figure><img decoding=\"async\" loading=\"lazy\" width=\"1519\" height=\"839\" src=\"http:\/\/www.ifbaiano.edu.br\/unidades\/santaines\/files\/2019\/08\/3.jpg\" alt=\"\" data-id=\"12458\" data-link=\"http:\/\/www.ifbaiano.edu.br\/unidades\/santaines\/?attachment_id=12458\" class=\"wp-image-12458\" \/><\/figure><\/li><li class=\"blocks-gallery-item\"><figure><img decoding=\"async\" loading=\"lazy\" width=\"1028\" height=\"685\" src=\"http:\/\/www.ifbaiano.edu.br\/unidades\/santaines\/files\/2019\/08\/4-2.jpg\" alt=\"\" data-id=\"12459\" data-link=\"http:\/\/www.ifbaiano.edu.br\/unidades\/santaines\/?attachment_id=12459\" class=\"wp-image-12459\" \/><\/figure><\/li><li class=\"blocks-gallery-item\"><figure><img decoding=\"async\" loading=\"lazy\" width=\"1025\" height=\"683\" src=\"http:\/\/www.ifbaiano.edu.br\/unidades\/santaines\/files\/2019\/08\/5.jpg\" alt=\"\" data-id=\"12460\" data-link=\"http:\/\/www.ifbaiano.edu.br\/unidades\/santaines\/?attachment_id=12460\" class=\"wp-image-12460\" \/><\/figure><\/li><li class=\"blocks-gallery-item\"><figure><img decoding=\"async\" loading=\"lazy\" width=\"1026\" height=\"684\" src=\"http:\/\/www.ifbaiano.edu.br\/unidades\/santaines\/files\/2019\/08\/6-3.jpg\" alt=\"\" data-id=\"12461\" data-link=\"http:\/\/www.ifbaiano.edu.br\/unidades\/santaines\/?attachment_id=12461\" class=\"wp-image-12461\" \/><\/figure><\/li><li class=\"blocks-gallery-item\"><figure><img decoding=\"async\" loading=\"lazy\" width=\"1020\" height=\"684\" src=\"http:\/\/www.ifbaiano.edu.br\/unidades\/santaines\/files\/2019\/08\/7-1.jpg\" alt=\"\" data-id=\"12462\" data-link=\"http:\/\/www.ifbaiano.edu.br\/unidades\/santaines\/?attachment_id=12462\" class=\"wp-image-12462\" \/><\/figure><\/li><li class=\"blocks-gallery-item\"><figure><img decoding=\"async\" loading=\"lazy\" width=\"1025\" height=\"687\" src=\"http:\/\/www.ifbaiano.edu.br\/unidades\/santaines\/files\/2019\/08\/Capturar.jpg\" alt=\"\" data-id=\"12463\" data-link=\"http:\/\/www.ifbaiano.edu.br\/unidades\/santaines\/?attachment_id=12463\" class=\"wp-image-12463\" \/><\/figure><\/li><\/ul>\n\n\n\n<p><\/p>\n","protected":false},"excerpt":{"rendered":"<p>Reuni\u00e3o aconteceu no dia 08 de agosto, em Salvador<\/p>\n","protected":false},"author":86,"featured_media":0,"comment_status":"closed","ping_status":"closed","sticky":false,"template":"","format":"standard","meta":[],"categories":[4,10,57],"tags":[],"_links":{"self":[{"href":"https:\/\/www.ifbaiano.edu.br\/unidades\/santaines\/wp-json\/wp\/v2\/posts\/12454"}],"collection":[{"href":"https:\/\/www.ifbaiano.edu.br\/unidades\/santaines\/wp-json\/wp\/v2\/posts"}],"about":[{"href":"https:\/\/www.ifbaiano.edu.br\/unidades\/santaines\/wp-json\/wp\/v2\/types\/post"}],"author":[{"embeddable":true,"href":"https:\/\/www.ifbaiano.edu.br\/unidades\/santaines\/wp-json\/wp\/v2\/users\/86"}],"replies":[{"embeddable":true,"href":"https:\/\/www.ifbaiano.edu.br\/unidades\/santaines\/wp-json\/wp\/v2\/comments?post=12454"}],"version-history":[{"count":2,"href":"https:\/\/www.ifbaiano.edu.br\/unidades\/santaines\/wp-json\/wp\/v2\/posts\/12454\/revisions"}],"predecessor-version":[{"id":12465,"href":"https:\/\/www.ifbaiano.edu.br\/unidades\/santaines\/wp-json\/wp\/v2\/posts\/12454\/revisions\/12465"}],"wp:attachment":[{"href":"https:\/\/www.ifbaiano.edu.br\/unidades\/santaines\/wp-json\/wp\/v2\/media?parent=12454"}],"wp:term":[{"taxonomy":"category","embeddable":true,"href":"https:\/\/www.ifbaiano.edu.br\/unidades\/santaines\/wp-json\/wp\/v2\/categories?post=12454"},{"taxonomy":"post_tag","embeddable":true,"href":"https:\/\/www.ifbaiano.edu.br\/unidades\/santaines\/wp-json\/wp\/v2\/tags?post=12454"}],"curies":[{"name":"wp","href":"https:\/\/api.w.org\/{rel}","templated":true}]}}