{"id":12483,"date":"2019-08-28T17:05:30","date_gmt":"2019-08-28T20:05:30","guid":{"rendered":"http:\/\/www.ifbaiano.edu.br\/unidades\/santaines\/?p=12483"},"modified":"2019-09-09T12:01:01","modified_gmt":"2019-09-09T15:01:01","slug":"torneio-de-debates-acontece-no-campus-santa-ines","status":"publish","type":"post","link":"https:\/\/www.ifbaiano.edu.br\/unidades\/santaines\/torneio-de-debates-acontece-no-campus-santa-ines\/","title":{"rendered":"Torneio de Debates acontece no Campus Santa In\u00eas"},"content":{"rendered":"\n<p>O Torneio de Debates \u00e9 um evento acad\u00eamico que re\u00fane equipes de estudantes debatedores e docentes orientadores, pertencentes aos mais diversos cursos que, por meio da t\u00e9cnica do discurso e da ret\u00f3rica, discutem argumentativamente <strong><a href=\"https:\/\/dudampreviero.wixsite.com\/torneiodedebates2019\/temas-2019\">temas <\/a><\/strong>relevantes da atualidade global. <\/p>\n\n\n\n<p>Podem participar todos os alunos regularmente matriculados nos cursos t\u00e9cnicos de n\u00edvel m\u00e9dio, subsequente, PROEJA e de gradua\u00e7\u00e3o do IF Baiano Campus Santa In\u00eas, bem como, das demais escolas p\u00fablicas da cidade de Santa In\u00eas e regi\u00e3o. <\/p>\n\n\n\n<p>As <strong><a href=\"https:\/\/docs.google.com\/forms\/d\/e\/1FAIpQLSdjZfEbCXkQVuQJwoYmpCwFiJAwhWLQqA-rDUPG0rIx8ttueg\/viewform\">inscri\u00e7\u00f5es<\/a><\/strong>  j\u00e1 est\u00e3o abertas e v\u00e3o at\u00e9 o dia 05 de setembro de 2019. S\u00e3o realizadas pela Internet, na p\u00e1gina do evento  O sorteio dos temas acontece no dia 09 de setembro de 2019.<\/p>\n\n\n\n<p>No Torneio, os participantes debatem sobre temas da atualidade, que devem ser defendidos com postura a favor e postura contra por cada representante, de acordo com a postura sorteada para cada equipe. \u00c9 preciso esclarecer que, nessa modalidade de confronto, ganha quem sustentar melhor suas ideias. <\/p>\n\n\n\n<p><strong>Para acessar a P\u00e1gina do Evento e saber mais informa\u00e7\u00f5es <a href=\"https:\/\/dudampreviero.wixsite.com\/torneiodedebates2019\">CLIQUE AQUI<\/a><\/strong><\/p>\n\n\n\n<figure class=\"wp-block-image is-resized\"><img decoding=\"async\" loading=\"lazy\" src=\"http:\/\/www.ifbaiano.edu.br\/unidades\/santaines\/files\/2019\/08\/Torneio-de-debates.png\" alt=\"\" class=\"wp-image-12490\" width=\"542\" height=\"542\" \/><\/figure>\n","protected":false},"excerpt":{"rendered":"<p>Inscri\u00e7\u00f5es abertas at\u00e9 o dia 05 de setembro de 2019<\/p>\n","protected":false},"author":86,"featured_media":12485,"comment_status":"closed","ping_status":"closed","sticky":false,"template":"","format":"standard","meta":[],"categories":[4,23,10,57],"tags":[],"_links":{"self":[{"href":"https:\/\/www.ifbaiano.edu.br\/unidades\/santaines\/wp-json\/wp\/v2\/posts\/12483"}],"collection":[{"href":"https:\/\/www.ifbaiano.edu.br\/unidades\/santaines\/wp-json\/wp\/v2\/posts"}],"about":[{"href":"https:\/\/www.ifbaiano.edu.br\/unidades\/santaines\/wp-json\/wp\/v2\/types\/post"}],"author":[{"embeddable":true,"href":"https:\/\/www.ifbaiano.edu.br\/unidades\/santaines\/wp-json\/wp\/v2\/users\/86"}],"replies":[{"embeddable":true,"href":"https:\/\/www.ifbaiano.edu.br\/unidades\/santaines\/wp-json\/wp\/v2\/comments?post=12483"}],"version-history":[{"count":6,"href":"https:\/\/www.ifbaiano.edu.br\/unidades\/santaines\/wp-json\/wp\/v2\/posts\/12483\/revisions"}],"predecessor-version":[{"id":12492,"href":"https:\/\/www.ifbaiano.edu.br\/unidades\/santaines\/wp-json\/wp\/v2\/posts\/12483\/revisions\/12492"}],"wp:featuredmedia":[{"embeddable":true,"href":"https:\/\/www.ifbaiano.edu.br\/unidades\/santaines\/wp-json\/wp\/v2\/media\/12485"}],"wp:attachment":[{"href":"https:\/\/www.ifbaiano.edu.br\/unidades\/santaines\/wp-json\/wp\/v2\/media?parent=12483"}],"wp:term":[{"taxonomy":"category","embeddable":true,"href":"https:\/\/www.ifbaiano.edu.br\/unidades\/santaines\/wp-json\/wp\/v2\/categories?post=12483"},{"taxonomy":"post_tag","embeddable":true,"href":"https:\/\/www.ifbaiano.edu.br\/unidades\/santaines\/wp-json\/wp\/v2\/tags?post=12483"}],"curies":[{"name":"wp","href":"https:\/\/api.w.org\/{rel}","templated":true}]}}