{"id":12515,"date":"2019-09-03T16:03:55","date_gmt":"2019-09-03T19:03:55","guid":{"rendered":"http:\/\/www.ifbaiano.edu.br\/unidades\/santaines\/?p=12515"},"modified":"2019-10-07T16:11:54","modified_gmt":"2019-10-07T19:11:54","slug":"campus-santa-ines-comemora-o-dia-do-biologo-na-praca","status":"publish","type":"post","link":"https:\/\/www.ifbaiano.edu.br\/unidades\/santaines\/campus-santa-ines-comemora-o-dia-do-biologo-na-praca\/","title":{"rendered":"Campus Santa In\u00eas comemora o Dia do Bi\u00f3logo na pra\u00e7a"},"content":{"rendered":"\n<figure class=\"wp-block-image\"><img decoding=\"async\" loading=\"lazy\" width=\"1280\" height=\"960\" src=\"http:\/\/www.ifbaiano.edu.br\/unidades\/santaines\/files\/2019\/09\/21f476a1-6f1e-4a08-9d0e-944ce5ae9729.jpg\" alt=\"\" class=\"wp-image-12516\" \/><\/figure>\n\n\n\n<p>Ontem, dia 03 de Setembro, foi comemorado o dia do Bi\u00f3logo e, para celebrar a data, os integrantes do curso de Licenciatura em Ci\u00eancias Biol\u00f3gicas do IF Baiano Campus Santa In\u00eas promoveram o \u201cBiologia na pra\u00e7a\u201d &#8211;  uma mostra sobre temas estudados pelos profissionais dessa \u00e1rea. O objetivo foi divulgar informa\u00e7\u00f5es gerais do curso, as atividades de ensino, pesquisa e extens\u00e3o desenvolvidas no Campus e principalmente se aproximar da comunidade. <\/p>\n\n\n\n<p>Durante o evento, ocorrido na pra\u00e7a Albernaz Menezes das 15h \u00e0s 21h, houve apresenta\u00e7\u00e3o de stands dos componentes Fisiologia vegetal, Anatomia, Histologia, Microscopia, Microbiologia e Parasitologia, al\u00e9m de uma oficina sobre fabrica\u00e7\u00e3o de papel semente. <\/p>\n\n\n\n<ul class=\"wp-block-gallery columns-3 is-cropped wp-block-gallery-1 is-layout-flex\"><li class=\"blocks-gallery-item\"><figure><img decoding=\"async\" loading=\"lazy\" width=\"1280\" height=\"960\" src=\"http:\/\/www.ifbaiano.edu.br\/unidades\/santaines\/files\/2019\/09\/1d61f873-3b14-4975-bff2-36764c00a081.jpg\" alt=\"\" data-id=\"12541\" data-link=\"http:\/\/www.ifbaiano.edu.br\/unidades\/santaines\/?attachment_id=12541\" class=\"wp-image-12541\" \/><\/figure><\/li><li class=\"blocks-gallery-item\"><figure><img decoding=\"async\" loading=\"lazy\" width=\"581\" height=\"1032\" src=\"http:\/\/www.ifbaiano.edu.br\/unidades\/santaines\/files\/2019\/09\/6f889243-146f-4663-be74-374c8cad2aa5-1.jpg\" alt=\"\" data-id=\"12542\" data-link=\"http:\/\/www.ifbaiano.edu.br\/unidades\/santaines\/?attachment_id=12542\" class=\"wp-image-12542\" \/><\/figure><\/li><li class=\"blocks-gallery-item\"><figure><img decoding=\"async\" loading=\"lazy\" width=\"581\" height=\"1032\" src=\"http:\/\/www.ifbaiano.edu.br\/unidades\/santaines\/files\/2019\/09\/156dbd5a-abfe-451a-8fb8-c0662ed45dc6-1.jpg\" alt=\"\" data-id=\"12543\" data-link=\"http:\/\/www.ifbaiano.edu.br\/unidades\/santaines\/?attachment_id=12543\" class=\"wp-image-12543\" \/><\/figure><\/li><li class=\"blocks-gallery-item\"><figure><img decoding=\"async\" loading=\"lazy\" width=\"1280\" height=\"960\" src=\"http:\/\/www.ifbaiano.edu.br\/unidades\/santaines\/files\/2019\/09\/247d5c84-c666-4095-92a9-62df6c59e986.jpg\" alt=\"\" data-id=\"12544\" data-link=\"http:\/\/www.ifbaiano.edu.br\/unidades\/santaines\/?attachment_id=12544\" class=\"wp-image-12544\" \/><\/figure><\/li><li class=\"blocks-gallery-item\"><figure><img decoding=\"async\" loading=\"lazy\" width=\"1032\" height=\"581\" src=\"http:\/\/www.ifbaiano.edu.br\/unidades\/santaines\/files\/2019\/09\/287d7361-0b18-4a2d-acaa-b201f14f94c0.jpg\" alt=\"\" data-id=\"12545\" data-link=\"http:\/\/www.ifbaiano.edu.br\/unidades\/santaines\/?attachment_id=12545\" class=\"wp-image-12545\" \/><\/figure><\/li><li class=\"blocks-gallery-item\"><figure><img decoding=\"async\" loading=\"lazy\" width=\"1032\" height=\"581\" src=\"http:\/\/www.ifbaiano.edu.br\/unidades\/santaines\/files\/2019\/09\/aa4c2a02-5515-4d9d-a62a-b849c80e6fb2.jpg\" alt=\"\" data-id=\"12546\" data-link=\"http:\/\/www.ifbaiano.edu.br\/unidades\/santaines\/?attachment_id=12546\" class=\"wp-image-12546\" \/><\/figure><\/li><li class=\"blocks-gallery-item\"><figure><img decoding=\"async\" loading=\"lazy\" width=\"1280\" height=\"960\" src=\"http:\/\/www.ifbaiano.edu.br\/unidades\/santaines\/files\/2019\/09\/b3af57d4-0392-48b9-a997-3d58387e60d9-1.jpg\" alt=\"\" data-id=\"12547\" data-link=\"http:\/\/www.ifbaiano.edu.br\/unidades\/santaines\/?attachment_id=12547\" class=\"wp-image-12547\" \/><\/figure><\/li><li class=\"blocks-gallery-item\"><figure><img decoding=\"async\" loading=\"lazy\" width=\"581\" height=\"1032\" src=\"http:\/\/www.ifbaiano.edu.br\/unidades\/santaines\/files\/2019\/09\/ca301399-6404-4478-bb22-b4ec4a5cef80-1.jpg\" alt=\"\" data-id=\"12548\" data-link=\"http:\/\/www.ifbaiano.edu.br\/unidades\/santaines\/?attachment_id=12548\" class=\"wp-image-12548\" \/><\/figure><\/li><li class=\"blocks-gallery-item\"><figure><img decoding=\"async\" loading=\"lazy\" width=\"581\" height=\"1032\" src=\"http:\/\/www.ifbaiano.edu.br\/unidades\/santaines\/files\/2019\/09\/d00a6fc7-9fd5-40f8-9915-057b1c622b4a.jpg\" alt=\"\" data-id=\"12549\" data-link=\"http:\/\/www.ifbaiano.edu.br\/unidades\/santaines\/?attachment_id=12549\" class=\"wp-image-12549\" \/><\/figure><\/li><li class=\"blocks-gallery-item\"><figure><img decoding=\"async\" loading=\"lazy\" width=\"1032\" height=\"581\" src=\"http:\/\/www.ifbaiano.edu.br\/unidades\/santaines\/files\/2019\/09\/ebfb695c-1fd6-4aba-b5e9-ef8e890d50a7-1.jpg\" alt=\"\" data-id=\"12552\" data-link=\"http:\/\/www.ifbaiano.edu.br\/unidades\/santaines\/?attachment_id=12552\" class=\"wp-image-12552\" \/><\/figure><\/li><\/ul>\n\n\n\n<p>Os presentes tamb\u00e9m puderam participar de um bazar que, como uma pr\u00e1tica da Economia Solid\u00e1ria, pode ser considerado um processo educativo, que contribui com a constru\u00e7\u00e3o de saberes, desde a mobiliza\u00e7\u00e3o coletiva at\u00e9 a organiza\u00e7\u00e3o da atividade e se configura como um instrumento de forma\u00e7\u00e3o humana. <\/p>\n\n\n\n<ul class=\"wp-block-gallery columns-3 is-cropped wp-block-gallery-3 is-layout-flex\"><li class=\"blocks-gallery-item\"><figure><img decoding=\"async\" loading=\"lazy\" width=\"1280\" height=\"960\" src=\"http:\/\/www.ifbaiano.edu.br\/unidades\/santaines\/files\/2019\/09\/1b607577-c3a1-40eb-a49d-76913846efbe-1.jpg\" alt=\"\" data-id=\"12534\" data-link=\"http:\/\/www.ifbaiano.edu.br\/unidades\/santaines\/?attachment_id=12534\" class=\"wp-image-12534\" \/><\/figure><\/li><li class=\"blocks-gallery-item\"><figure><img decoding=\"async\" loading=\"lazy\" width=\"1280\" height=\"960\" src=\"http:\/\/www.ifbaiano.edu.br\/unidades\/santaines\/files\/2019\/09\/4ceb8c7c-5ae5-48fc-94f5-d5e2d309bc8b-1.jpg\" alt=\"\" data-id=\"12535\" data-link=\"http:\/\/www.ifbaiano.edu.br\/unidades\/santaines\/?attachment_id=12535\" class=\"wp-image-12535\" \/><\/figure><\/li><li class=\"blocks-gallery-item\"><figure><img decoding=\"async\" loading=\"lazy\" width=\"1280\" height=\"960\" src=\"http:\/\/www.ifbaiano.edu.br\/unidades\/santaines\/files\/2019\/09\/5ff73b5d-96de-42d7-9cfb-a1d641890c73-2.jpg\" alt=\"\" data-id=\"12536\" data-link=\"http:\/\/www.ifbaiano.edu.br\/unidades\/santaines\/?attachment_id=12536\" class=\"wp-image-12536\" \/><\/figure><\/li><li class=\"blocks-gallery-item\"><figure><img decoding=\"async\" loading=\"lazy\" width=\"1280\" height=\"960\" src=\"http:\/\/www.ifbaiano.edu.br\/unidades\/santaines\/files\/2019\/09\/7c84540e-1228-4a65-89bf-338d7448d154.jpg\" alt=\"\" data-id=\"12537\" data-link=\"http:\/\/www.ifbaiano.edu.br\/unidades\/santaines\/?attachment_id=12537\" class=\"wp-image-12537\" \/><\/figure><\/li><li class=\"blocks-gallery-item\"><figure><img decoding=\"async\" loading=\"lazy\" width=\"1280\" height=\"960\" src=\"http:\/\/www.ifbaiano.edu.br\/unidades\/santaines\/files\/2019\/09\/54ad01d6-5415-4eab-9f93-ea86cf862399-2.jpg\" alt=\"\" data-id=\"12539\" data-link=\"http:\/\/www.ifbaiano.edu.br\/unidades\/santaines\/?attachment_id=12539\" class=\"wp-image-12539\" \/><\/figure><\/li><li class=\"blocks-gallery-item\"><figure><img decoding=\"async\" loading=\"lazy\" width=\"1280\" height=\"960\" src=\"http:\/\/www.ifbaiano.edu.br\/unidades\/santaines\/files\/2019\/09\/65bc6962-b488-416b-8eb1-acea4e78f12c-2.jpg\" alt=\"\" data-id=\"12540\" data-link=\"http:\/\/www.ifbaiano.edu.br\/unidades\/santaines\/?attachment_id=12540\" class=\"wp-image-12540\" \/><\/figure><\/li><\/ul>\n\n\n\n<p>O clima festivo foi complementado com m\u00fasica ao vivo e comercializa\u00e7\u00e3o de lanches para os visitantes. Segundo o Prof Igor  Santos, Coordenador do curso de Licenciatura em Ci\u00eancias Biol\u00f3gicas do IF Baiano Campus Santa In\u00eas , a iniciativa foi bem avaliada por todos os participantes, os quais destacaram que um contato mais pr\u00f3ximo dos cursos com a comunidade desperta a curiosidade e dissemina conhecimentos novos.<\/p>\n","protected":false},"excerpt":{"rendered":"<p>Evento aconteceu diadia 03 de Setembro<\/p>\n","protected":false},"author":86,"featured_media":12519,"comment_status":"closed","ping_status":"closed","sticky":false,"template":"","format":"standard","meta":[],"categories":[4,12,10,57],"tags":[],"_links":{"self":[{"href":"https:\/\/www.ifbaiano.edu.br\/unidades\/santaines\/wp-json\/wp\/v2\/posts\/12515"}],"collection":[{"href":"https:\/\/www.ifbaiano.edu.br\/unidades\/santaines\/wp-json\/wp\/v2\/posts"}],"about":[{"href":"https:\/\/www.ifbaiano.edu.br\/unidades\/santaines\/wp-json\/wp\/v2\/types\/post"}],"author":[{"embeddable":true,"href":"https:\/\/www.ifbaiano.edu.br\/unidades\/santaines\/wp-json\/wp\/v2\/users\/86"}],"replies":[{"embeddable":true,"href":"https:\/\/www.ifbaiano.edu.br\/unidades\/santaines\/wp-json\/wp\/v2\/comments?post=12515"}],"version-history":[{"count":2,"href":"https:\/\/www.ifbaiano.edu.br\/unidades\/santaines\/wp-json\/wp\/v2\/posts\/12515\/revisions"}],"predecessor-version":[{"id":12554,"href":"https:\/\/www.ifbaiano.edu.br\/unidades\/santaines\/wp-json\/wp\/v2\/posts\/12515\/revisions\/12554"}],"wp:featuredmedia":[{"embeddable":true,"href":"https:\/\/www.ifbaiano.edu.br\/unidades\/santaines\/wp-json\/wp\/v2\/media\/12519"}],"wp:attachment":[{"href":"https:\/\/www.ifbaiano.edu.br\/unidades\/santaines\/wp-json\/wp\/v2\/media?parent=12515"}],"wp:term":[{"taxonomy":"category","embeddable":true,"href":"https:\/\/www.ifbaiano.edu.br\/unidades\/santaines\/wp-json\/wp\/v2\/categories?post=12515"},{"taxonomy":"post_tag","embeddable":true,"href":"https:\/\/www.ifbaiano.edu.br\/unidades\/santaines\/wp-json\/wp\/v2\/tags?post=12515"}],"curies":[{"name":"wp","href":"https:\/\/api.w.org\/{rel}","templated":true}]}}