{"id":12555,"date":"2019-09-13T13:40:23","date_gmt":"2019-09-13T16:40:23","guid":{"rendered":"http:\/\/www.ifbaiano.edu.br\/unidades\/santaines\/?p=12555"},"modified":"2019-09-13T16:23:23","modified_gmt":"2019-09-13T19:23:23","slug":"feira-de-saude-e-cidadania-2019-campus-santa-ines-chamada-para-propostas","status":"publish","type":"post","link":"https:\/\/www.ifbaiano.edu.br\/unidades\/santaines\/feira-de-saude-e-cidadania-2019-campus-santa-ines-chamada-para-propostas\/","title":{"rendered":"Prorrogado prazo para Apresenta\u00e7\u00e3o de Propostas para a Feira de Sa\u00fade e Cidadania 2019"},"content":{"rendered":"\n<p> <br>Encontra-se aberto o per\u00edodo de inscri\u00e7\u00f5es para apresenta\u00e7\u00e3o de propostas de atividades a serem realizados na Feira de Sa\u00fade e Cidadania \u2013 Edi\u00e7\u00e3o 2019, que acontecer\u00e1 no dia 20 de novembro do corrente ano, no IF Baiano Campus Santa In\u00eas. <\/p>\n\n\n\n<p>Todos podem participar (comunidade interna e externa). O Tema deste ano \u00e9 <strong>Popula\u00e7\u00e3o Negra e Cuidado Integral<\/strong>. As propostas dever\u00e3o ser enviadas para o e-mail\u00a0<strong>prosaude@si.ifbaiano.edu.br<\/strong> at\u00e9 o dia <strong>23 de setembro<\/strong> e ser\u00e3o priorizadas de acordo com a viabilidade e o n\u00edvel de interatividade apresentado.<\/p>\n\n\n\n<figure class=\"wp-block-image\"><img decoding=\"async\" loading=\"lazy\" width=\"1080\" height=\"1080\" src=\"http:\/\/www.ifbaiano.edu.br\/unidades\/santaines\/files\/2019\/09\/feira-saude-cidadania-2018-santa-ines-23-09.png\" alt=\"\" class=\"wp-image-12656\" \/><\/figure>\n\n\n\n<p>A quada poliesportiva do Campus \u00e9 o espa\u00e7o programado para realiza\u00e7\u00e3o do evento. As apresenta\u00e7\u00f5es ser\u00e3o na forma de estandes, oficinas e apresenta\u00e7\u00f5es culturais. <\/p>\n\n\n\n<p><strong>Para apresenta\u00e7\u00e3o da proposta <\/strong><a href=\"http:\/\/www.ifbaiano.edu.br\/unidades\/santaines\/files\/2019\/09\/Modelo-de-Resumo_Feira-de-Sa\u00fade-e-Cidadania-2019.pdf\"><strong>ver modelo de resumo<\/strong><\/a><\/p>\n\n\n\n<p><\/p>\n","protected":false},"excerpt":{"rendered":"<p>Encontra-se aberto o per\u00edodo de inscri\u00e7\u00f5es para apresenta\u00e7\u00e3o de propostas de atividades a serem realizados na Feira de Sa\u00fade e Cidadania \u2013 Edi\u00e7\u00e3o 2019, que acontecer\u00e1 no dia 20 de novembro do corrente ano, no IF Baiano Campus Santa In\u00eas. Todos podem participar (comunidade interna e externa). O Tema deste ano \u00e9 Popula\u00e7\u00e3o Negra e [&hellip;]<\/p>\n","protected":false},"author":86,"featured_media":10841,"comment_status":"closed","ping_status":"closed","sticky":false,"template":"","format":"standard","meta":[],"categories":[4,19,37,10,57],"tags":[],"_links":{"self":[{"href":"https:\/\/www.ifbaiano.edu.br\/unidades\/santaines\/wp-json\/wp\/v2\/posts\/12555"}],"collection":[{"href":"https:\/\/www.ifbaiano.edu.br\/unidades\/santaines\/wp-json\/wp\/v2\/posts"}],"about":[{"href":"https:\/\/www.ifbaiano.edu.br\/unidades\/santaines\/wp-json\/wp\/v2\/types\/post"}],"author":[{"embeddable":true,"href":"https:\/\/www.ifbaiano.edu.br\/unidades\/santaines\/wp-json\/wp\/v2\/users\/86"}],"replies":[{"embeddable":true,"href":"https:\/\/www.ifbaiano.edu.br\/unidades\/santaines\/wp-json\/wp\/v2\/comments?post=12555"}],"version-history":[{"count":10,"href":"https:\/\/www.ifbaiano.edu.br\/unidades\/santaines\/wp-json\/wp\/v2\/posts\/12555\/revisions"}],"predecessor-version":[{"id":12657,"href":"https:\/\/www.ifbaiano.edu.br\/unidades\/santaines\/wp-json\/wp\/v2\/posts\/12555\/revisions\/12657"}],"wp:featuredmedia":[{"embeddable":true,"href":"https:\/\/www.ifbaiano.edu.br\/unidades\/santaines\/wp-json\/wp\/v2\/media\/10841"}],"wp:attachment":[{"href":"https:\/\/www.ifbaiano.edu.br\/unidades\/santaines\/wp-json\/wp\/v2\/media?parent=12555"}],"wp:term":[{"taxonomy":"category","embeddable":true,"href":"https:\/\/www.ifbaiano.edu.br\/unidades\/santaines\/wp-json\/wp\/v2\/categories?post=12555"},{"taxonomy":"post_tag","embeddable":true,"href":"https:\/\/www.ifbaiano.edu.br\/unidades\/santaines\/wp-json\/wp\/v2\/tags?post=12555"}],"curies":[{"name":"wp","href":"https:\/\/api.w.org\/{rel}","templated":true}]}}