{"id":12574,"date":"2019-09-06T11:54:57","date_gmt":"2019-09-06T14:54:57","guid":{"rendered":"http:\/\/www.ifbaiano.edu.br\/unidades\/santaines\/?p=12574"},"modified":"2019-09-06T11:54:57","modified_gmt":"2019-09-06T14:54:57","slug":"acontece-no-if-baiano-campus-santa-ines-i-ciclo-de-seminarios-discente","status":"publish","type":"post","link":"https:\/\/www.ifbaiano.edu.br\/unidades\/santaines\/acontece-no-if-baiano-campus-santa-ines-i-ciclo-de-seminarios-discente\/","title":{"rendered":"Acontece, no IF Baiano Campus Santa In\u00eas, I Ciclo de Semin\u00e1rios Discente"},"content":{"rendered":"\n<p> O I Ciclo de Semin\u00e1rios Discente do IF Baiano <em>Campus<\/em> Santa In\u00eas, derivado de projeto de extens\u00e3o, \u00e9 um espa\u00e7o de discuss\u00f5es sobre forma\u00e7\u00e3o e profissionaliza\u00e7\u00e3o acad\u00eamica vinculado aos cursos superiores ofertados no <em>Campus<\/em>, quais sejam, Licenciatura em Geografia, Licenciatura em Biologia e Bacharelado em Zootecnia.  <\/p>\n\n\n\n<p>Com o tema \u201cA Produ\u00e7\u00e3o de Saberes no Vale do Jiquiri\u00e7\u00e1: os dilemas da forma\u00e7\u00e3o e da profissionaliza\u00e7\u00e3o\u201d v\u00e3o reunir servidores Docentes, T\u00e9cnico-Administrativos,  Estudantes e Egressos das \u00e1reas para discutirem os desafios que envolvem a constru\u00e7\u00e3o de saberes necess\u00e1rios aos profissionais.<\/p>\n\n\n\n<p>O p\u00fablico previsto para este evento \u00e9 toda comunidade acad\u00eamica do <em>Campus<\/em>, as unidades educacionais parceiras: Col\u00e9gio Estadual Ant\u00f4nio Carlos Magalh\u00e3es, da cidade de Santa In\u00eas, Col\u00e9gio Estadual de Cravol\u00e2ndia, Col\u00e9gio Municipal Natur de Assis Filho, da cidade de Uba\u00edra, Col\u00e9gio Estadual Professor Jos\u00e9 Alo\u00edsio Dias de Mutu\u00edpe e o p\u00fablico em geral.<\/p>\n\n\n\n<p>As inscri\u00e7\u00f5es ser\u00e3o abertas por mesa redonda.  <\/p>\n\n\n\n<p>Dia 12 de setembro de 2019, \u00e0s 14h,  no Audit\u00f3rio da Biblioteca do Campus Santa In\u00eas, acontece a Mesa Redonda de abertura com a tem\u00e1tica \u201c<strong>Agrot\u00f3xicos e Qualidade de Vida no Vale do Jiquiri\u00e7\u00e1\u201d<\/strong>.  <br>Os Palestrantes ser\u00e3o: Prof. Dr. Andr\u00e9 Leonardo Vasconcelos Souza,  Prof. Ms. Nelson Vieira da Silva Filho, Prof. Dr. Rafael Oliva Trocoli.<\/p>\n\n\n\n<p>As inscri\u00e7\u00f5es podem ser feitas pela Internet no per\u00edodo de 06 a 11 de setembro de 2019, <strong><a href=\"https:\/\/forms.gle\/X38FxK82YkGtHNzR7\">na P\u00e1gina do Evento<\/a><\/strong> ou presencial, trinta (30) minutos antes do in\u00edcio do evento, no local.  <\/p>\n\n\n\n<p>Haver\u00e1 emiss\u00e3o de certificado.<\/p>\n","protected":false},"excerpt":{"rendered":"<p>Evento acontece no dia 12 de setembro de 2019, \u00e0s 14h<\/p>\n","protected":false},"author":86,"featured_media":0,"comment_status":"closed","ping_status":"closed","sticky":false,"template":"","format":"standard","meta":[],"categories":[4,10,57],"tags":[],"_links":{"self":[{"href":"https:\/\/www.ifbaiano.edu.br\/unidades\/santaines\/wp-json\/wp\/v2\/posts\/12574"}],"collection":[{"href":"https:\/\/www.ifbaiano.edu.br\/unidades\/santaines\/wp-json\/wp\/v2\/posts"}],"about":[{"href":"https:\/\/www.ifbaiano.edu.br\/unidades\/santaines\/wp-json\/wp\/v2\/types\/post"}],"author":[{"embeddable":true,"href":"https:\/\/www.ifbaiano.edu.br\/unidades\/santaines\/wp-json\/wp\/v2\/users\/86"}],"replies":[{"embeddable":true,"href":"https:\/\/www.ifbaiano.edu.br\/unidades\/santaines\/wp-json\/wp\/v2\/comments?post=12574"}],"version-history":[{"count":1,"href":"https:\/\/www.ifbaiano.edu.br\/unidades\/santaines\/wp-json\/wp\/v2\/posts\/12574\/revisions"}],"predecessor-version":[{"id":12587,"href":"https:\/\/www.ifbaiano.edu.br\/unidades\/santaines\/wp-json\/wp\/v2\/posts\/12574\/revisions\/12587"}],"wp:attachment":[{"href":"https:\/\/www.ifbaiano.edu.br\/unidades\/santaines\/wp-json\/wp\/v2\/media?parent=12574"}],"wp:term":[{"taxonomy":"category","embeddable":true,"href":"https:\/\/www.ifbaiano.edu.br\/unidades\/santaines\/wp-json\/wp\/v2\/categories?post=12574"},{"taxonomy":"post_tag","embeddable":true,"href":"https:\/\/www.ifbaiano.edu.br\/unidades\/santaines\/wp-json\/wp\/v2\/tags?post=12574"}],"curies":[{"name":"wp","href":"https:\/\/api.w.org\/{rel}","templated":true}]}}