{"id":12576,"date":"2019-10-11T15:05:19","date_gmt":"2019-10-11T18:05:19","guid":{"rendered":"http:\/\/www.ifbaiano.edu.br\/unidades\/santaines\/?p=12576"},"modified":"2020-01-10T10:54:59","modified_gmt":"2020-01-10T13:54:59","slug":"ii-semana-de-biologia","status":"publish","type":"post","link":"https:\/\/www.ifbaiano.edu.br\/unidades\/santaines\/ii-semana-de-biologia\/","title":{"rendered":"Campus Santa In\u00eas promove a II Semana de Biologia com o tema: &#8220;Ensinando com Arte&#8221;. Aten\u00e7\u00e3o! Programa\u00e7\u00e3o atualizada."},"content":{"rendered":"\n<div class=\"wp-block-image\"><figure class=\"aligncenter\"><img decoding=\"async\" loading=\"lazy\" width=\"718\" height=\"688\" src=\"http:\/\/www.ifbaiano.edu.br\/unidades\/santaines\/files\/2019\/09\/adesivo_biologia_2019.jpg\" alt=\"\" class=\"wp-image-12596\" \/><figcaption> <br><\/figcaption><\/figure><\/div>\n\n\n\n<p class=\"has-text-color has-vivid-red-color\"><strong>11\/10\/2019 &#8211; Aten\u00e7\u00e3o! Programa\u00e7\u00e3o atualizada.<br><\/strong><\/p>\n\n\n\n<p><a rel=\"noreferrer noopener\" aria-label=\"Clique aqui para acessar a NOVA PROGRAMA\u00c7\u00c3O (abre numa nova aba)\" href=\"http:\/\/www.ifbaiano.edu.br\/unidades\/santaines\/files\/2019\/10\/nova_programacao_II_Semana_Biologia_2019.pdf\" target=\"_blank\">Clique aqui para acessar a NOVA PROGRAMA\u00c7\u00c3O<\/a><\/p>\n\n\n\n<p><a href=\"http:\/\/www.ifbaiano.edu.br\/unidades\/santaines\/files\/2019\/10\/LISTA-DE-PARTICIPANTES-DAS-OFICINAS.pdf\" target=\"_blank\" rel=\"noreferrer noopener\" aria-label=\"Publicada a Lista de Participantes Selecionados para as Oficinas (abre numa nova aba)\">Publicada a Lista de Participantes Selecionados para as Oficinas<\/a><\/p>\n\n\n\n<p><a rel=\"noreferrer noopener\" aria-label=\"Modelo de Apresenta\u00e7\u00e3o de Trabalho (abre numa nova aba)\" href=\"http:\/\/www.ifbaiano.edu.br\/unidades\/santaines\/files\/2019\/10\/MODELO-DE-APRESENTACAO-II-SEMANA-DA-BIOLOGIA-POWERPOINT.zip\" target=\"_blank\">Modelo de Apresenta\u00e7\u00e3o de Trabalho (modelo em formato Power Point \/ Libre Office Impress)<\/a><\/p>\n\n\n\n<p><strong>APRESENTA\u00c7\u00c3O<\/strong><\/p>\n\n\n\n<p>O estudo dos seres vivos, desde os seus prim\u00f3rdios, sempre se valeu de linguagens da arte para registrar, estudar e comunicar os aspectos biol\u00f3gicos dos mais diversos organismos. A arte, por sua vez, sempre buscou inspira\u00e7\u00e3o nas formas, nas cores e nos fen\u00f4menos naturais para expressar os diferentes aspectos da cultura humana. Essa rela\u00e7\u00e3o m\u00fatua entre essas \u00e1reas transformou a maneira como enxergamos o mundo, revelando n\u00e3o s\u00f3 os aspectos morfofuncionais dos seres vivos, mas agregando sensibilidade e ludicidade ao estudo da vida. Usar a arte como ferramenta nos processos acad\u00eamicos \u00e9 uma forma de ruptura aos m\u00e9todos de ensino tradicionais e j\u00e1 cristalizados. A aproxima\u00e7\u00e3o entre essas duas \u00e1reas traz ressignifica\u00e7\u00e3o ao processo de ensino\u2013aprendizagem, estimulando nos discentes o desenvolvimento de habilidades m\u00faltiplas e interligadas. Neste sentido, a II Semana de Biologia do IF Baiano Campus Santa In\u00eas apresenta o tema \u201cEnsinando com Arte\u201d, com a proposta de promover palestras, oficinas e apresenta\u00e7\u00e3o de trabalhos com o objetivo principal de estimular a interdisciplinaridade e a inova\u00e7\u00e3o na pr\u00e1tica do ensino.<br>\nA II Semana de Biologia: ensinando com arte ser\u00e1 realizada no per\u00edodo de 16 a 18 de outubro de 2019 no Instituto Federal Baiano Campus Santa In\u00eas.<\/p>\n\n\n\n<figure class=\"wp-block-image\"><img decoding=\"async\" loading=\"lazy\" width=\"939\" height=\"57\" src=\"http:\/\/www.ifbaiano.edu.br\/unidades\/santaines\/files\/2019\/09\/programacao_sem_bio_2019.jpg\" alt=\"\" class=\"wp-image-12614\" \/><\/figure>\n\n\n\n<p> <strong>DIA 16\/10\/2019 (QUARTA-FEIRA)  <\/strong><\/p>\n\n\n\n<p>19hs 00min \u2013 Credenciamento<br>19hs 30min \u2013 Solenidade de Abertura<br>20hs 30min \u2013 Confer\u00eancia de Abertura<br><strong>Desenho Aplicado ao Ensino de Biologia<\/strong> (Palestrante: Dr. M\u00e1rcio Martins &#8211; UFRB)<br><\/p>\n\n\n\n<p>*\nLocal: Foyer do Pavilh\u00e3o das Gradua\u00e7\u00f5es<\/p>\n\n\n\n<p><strong>DIA 17\/10\/2019 (QUINTA-FEIRA)<\/strong>     <\/p>\n\n\n\n<p>Realiza\u00e7\u00e3o de Oficinas <br>Hor\u00e1rio: 14hs \u00e0s 17hs e 19hs \u00e0s 22hs30min<br>N\u00famero de vagas por oficina: 25<br>Carga hor\u00e1ria das oficinas: 04 \/ 06 horas<\/p>\n\n\n\n<p><strong>Oficinas Confirmadas:<\/strong><\/p>\n\n\n\n<p>Desenho aplicado ao ensino de Biologia \u2013 Dr. M\u00e1rcio Martins \u2013 UFRB<br>Fotografia aplicada ao ensino de Biologia \u2013 Dr. Igor Santos \u2013 IF Baiano <em>Campus<\/em> Santa In\u00eas<br>Paleoescultura \u2013 Anilson Borges \u2013 Art\u00edstica Pl\u00e1stico Regional<br><del>Pedagogia da Rima \u2013 Me. S\u00e9rgio Ricardo Almeida \u2013 IF Baiano <\/del><em><del>Campus<\/del><\/em><del> Valen\u00e7a<\/del> (SUSPENSO)<br>Grafite Aplicado ao Ensino \u2013 Carlos Henrique Souza \u2013 UFRB<br>Taxidermia \u2013 Ma. Fabiane Souza \u2013 IF Baiano <em>Campus<\/em> Santa In\u00eas<br>Artes com Sementes \u2013 Amanda Santos \u2013 Ge\u00f3grafa\/Docente Educa\u00e7\u00e3o B\u00e1sica <\/p>\n\n\n\n<div class=\"wp-block-image\"><figure class=\"alignleft is-resized\"><img decoding=\"async\" loading=\"lazy\" src=\"http:\/\/www.ifbaiano.edu.br\/unidades\/santaines\/files\/2019\/09\/IcaroMedio.png\" alt=\"\" class=\"wp-image-12691\" width=\"98\" height=\"129\" \/><figcaption> <br><\/figcaption><\/figure><\/div>\n\n\n\n<p><strong>Oficina de Libras <\/strong>( 25 vagas)  <\/p>\n\n\n\n<div class=\"wp-block-button\"><a class=\"wp-block-button__link\" href=\"https:\/\/chrome.google.com\/webstore\/detail\/vlibras\/pgmmmoocgnompmjoogpnkmdohpelkpne\">Acesse a extens\u00e3o VLIBRAS<\/a><\/div>\n\n\n\n<p><\/p>\n\n\n\n<p class=\"has-text-align-left\"><strong>Sess\u00f5es de apresenta\u00e7\u00e3o de trabalhos<\/strong><br><strong>(Comunica\u00e7\u00f5es Orais)<\/strong><\/p>\n\n\n\n<p><strong>DIA\n18\/10\/2019 (SEXTA-FEIRA)<\/strong><\/p>\n\n\n\n<p>Hor\u00e1rio:\n14hs \u00e0s 17hs e 19hs \u00e0s 22hs30min<\/p>\n\n\n\n<p>EIXOS TEM\u00c1TICOS: Biodiversidade, Educa\u00e7\u00e3o, Meio Ambiente e Sa\u00fade.<\/p>\n\n\n\n<p>*\nPrograma\u00e7\u00e3o sujeita a altera\u00e7\u00e3o.<\/p>\n\n\n\n<figure class=\"wp-block-image\"><img decoding=\"async\" loading=\"lazy\" width=\"939\" height=\"57\" src=\"http:\/\/www.ifbaiano.edu.br\/unidades\/santaines\/files\/2019\/09\/inscricao_sem_bio_2019.jpg\" alt=\"\" class=\"wp-image-12616\" \/><\/figure>\n\n\n\n<p><strong>Per\u00edodo<\/strong><br>Inscri\u00e7\u00e3o de participante ouvinte: 10 de setembro a 15 de outubro<br>Inscri\u00e7\u00e3o com submiss\u00e3o de trabalho: 10 de setembro a 25 de setembro<br><strong>P\u00fablico alvo: Graduandos, Docentes e Profissionais.<\/strong><\/p>\n\n\n\n<div class=\"wp-block-button alignleft is-style-outline\"><a class=\"wp-block-button__link has-text-color has-very-light-gray-color has-background\" href=\"https:\/\/forms.gle\/u1TjyT9unmrK7k4CA\" style=\"background-color:#065538\">Inscri\u00e7\u00e3o<\/a><\/div>\n\n\n\n<p>Acesse o link para inscri\u00e7\u00e3o!<br>Incluindo inscri\u00e7\u00f5es para as oficinas.<\/p>\n\n\n\n<p><\/p>\n\n\n\n<p>Taxa de inscri\u00e7\u00e3o para p\u00fablico externo: R$ 20,00<br>Observa\u00e7\u00e3o: Esta taxa deve ser paga no ato do credenciamento.<\/p>\n\n\n\n<figure class=\"wp-block-image\"><img decoding=\"async\" loading=\"lazy\" width=\"939\" height=\"57\" src=\"http:\/\/www.ifbaiano.edu.br\/unidades\/santaines\/files\/2019\/09\/submissao_trab_bio_2019.jpg\" alt=\"\" class=\"wp-image-12617\" \/><\/figure>\n\n\n\n<p><strong>NORMAS DE SUBMISS\u00c3O DE RESUMOS<\/strong><\/p>\n\n\n\n<p style=\"font-size:0\" class=\"has-text-color has-background has-very-dark-gray-color has-very-light-gray-background-color\"><strong>ENVIO DOS RESUMOS: 10 A 25 DE SETEMBRO<\/strong><\/p>\n\n\n\n<p class=\"has-text-color has-background has-medium-font-size has-vivid-red-color has-very-light-gray-background-color\"><strong>ATEN\u00c7\u00c3O: O PRAZO PARA ENVIO DE RESUMOS FOI PRORROGADO AT\u00c9 O DIA 30\/09\/2019<\/strong><\/p>\n\n\n\n<p>Ser\u00e3o aceitos trabalhos na forma de resumo simples, que devem resultar de pesquisas (conclu\u00eddas ou em andamento) e\/ou de relatos de experi\u00eancias dentro dos eixos tem\u00e1ticos: <strong>Biodiversidade, Educa\u00e7\u00e3o, Meio Ambiente e Sa\u00fade<\/strong>.<br> Os arquivos devem ser enviados no <strong>formato<\/strong> Microsoft<sup>\u00a9<\/sup> <strong>WORD ou LibreOffice Write<\/strong><br> Os trabalhos ser\u00e3o apresentados em forma de comunica\u00e7\u00e3o oral.<br> Ser\u00e3o aceitos um (01) trabalho como autor principal e at\u00e9 um (01) como coautor. No m\u00e1ximo, <strong>ser\u00e3o aceitos cinco (05) autores por trabalho<\/strong>.<\/p>\n\n\n\n<p>O<strong> RESUMO<\/strong> deve ser enviado para o endere\u00e7o de e-mail:<\/p>\n\n\n\n<h2 class=\"wp-block-heading\"><em>iisemanabiologia@gmail.com<\/em> <br><\/h2>\n\n\n\n<h2 class=\"wp-block-heading\"><a href=\"https:\/\/meudrive.ifbaiano.edu.br\/owncloud\/index.php\/s\/MoiHSr9TLJimsX0\"><strong>CLIQUE AQUI E ACESSE O MODELO DE RESUMO PADR\u00c3O PARA SUBMISS\u00c3O<\/strong><\/a><\/h2>\n\n\n\n<p><strong>Orienta\u00e7\u00f5es para submiss\u00e3o dos trabalhos<\/strong><\/p>\n\n\n\n<ol><li>T\u00edtulo (Arial 12, mai\u00fasculo, negrito e centralizado).<\/li><li>Nome do(s) autor(es) alinhamento \u00e0 direita, sendo um por linha em caso de dois ou mais autores, com e-mail abaixo do nome de cada autor, seguido de nota de rodap\u00e9 para inser\u00e7\u00e3o das credenciais e filia\u00e7\u00e3o (forma\u00e7\u00e3o acad\u00eamica e institui\u00e7\u00e3o) .<\/li><li>Sinalizar \u00e0 esquerda o eixo tem\u00e1tico do trabalho, ap\u00f3s o nome do(s) autor(es) e antes da palavra &#8220;Resumo&#8221;.<\/li><li>M\u00e1ximo de cinco autores (01 autor e 04 coautores).<\/li><li>Corpo do texto: Arial 12, espa\u00e7amento simples, alinhamento justificado.<\/li><li>M\u00e1ximo de 500 palavras. Par\u00e1grafo \u00fanico, sem recuo.<\/li><li>Margens da p\u00e1gina: superior 3,0; inferior 2,0; esquerda 3,0 e direita 2,0.<\/li><li>Palavras-chave (tr\u00eas palavras-chave separadas por ponto).<\/li><li>O resumo dever\u00e1 conter somente texto organizado em contextualiza\u00e7\u00e3o, objetivo, metodologia, resultados e considera\u00e7\u00f5es parciais ou finais, n\u00e3o sendo poss\u00edvel a inser\u00e7\u00e3o de imagens, gr\u00e1ficos, mapas, tabelas e fotos.<\/li><\/ol>\n\n\n\n<figure class=\"wp-block-image\"><img decoding=\"async\" loading=\"lazy\" width=\"939\" height=\"57\" src=\"http:\/\/www.ifbaiano.edu.br\/unidades\/santaines\/files\/2019\/09\/organizacao_bio_2019.jpg\" alt=\"\" class=\"wp-image-12618\" \/><\/figure>\n\n\n\n<div class=\"wp-block-image\"><figure class=\"alignleft is-resized\"><img decoding=\"async\" loading=\"lazy\" src=\"http:\/\/www.ifbaiano.edu.br\/unidades\/santaines\/files\/2019\/09\/marca-IF-horizontal-colorida-sem-fundo-1.png\" alt=\"\" class=\"wp-image-12646\" width=\"503\" height=\"167\" \/><\/figure><\/div>\n\n\n\n<p><\/p>\n\n\n\n<p class=\"has-text-align-left\"><strong> Curso de Licenciatura em Ci\u00eancias Biol\u00f3gicas<\/strong><\/p>\n\n\n\n<figure class=\"wp-block-image\"><img decoding=\"async\" loading=\"lazy\" width=\"939\" height=\"57\" src=\"http:\/\/www.ifbaiano.edu.br\/unidades\/santaines\/files\/2019\/09\/contatos_bio_2019.jpg\" alt=\"\" class=\"wp-image-12619\" \/><\/figure>\n\n\n\n<p>E-mail:\ncoordenacaobiologia@si.ifbaiano.edu.br<\/p>\n\n\n\n<p>Telefone:\n(73) 3536-1210 \u2013 Ramal 51<\/p>\n\n\n\n<p>Endere\u00e7o: IF Baiano <em>Campus<\/em> Santa In\u00eas: Km 2,5 BR 420<br>(Rodovia Santa In\u00eas &#8211; Uba\u00edra)<br>Zona Rural &#8211; Santa In\u00eas &#8211; Bahia<br>E-mail: iisemanabiologia@gmail.com<\/p>\n","protected":false},"excerpt":{"rendered":"<p>11\/10\/2019 &#8211; Aten\u00e7\u00e3o! Programa\u00e7\u00e3o atualizada. Clique aqui para acessar a NOVA PROGRAMA\u00c7\u00c3O Publicada a Lista de Participantes Selecionados para as Oficinas Modelo de Apresenta\u00e7\u00e3o de Trabalho (modelo em formato Power Point \/ Libre Office Impress) APRESENTA\u00c7\u00c3O O estudo dos seres vivos, desde os seus prim\u00f3rdios, sempre se valeu de linguagens da arte para registrar, estudar [&hellip;]<\/p>\n","protected":false},"author":7,"featured_media":12596,"comment_status":"closed","ping_status":"closed","sticky":false,"template":"","format":"standard","meta":[],"categories":[4,12,23,10,57],"tags":[],"_links":{"self":[{"href":"https:\/\/www.ifbaiano.edu.br\/unidades\/santaines\/wp-json\/wp\/v2\/posts\/12576"}],"collection":[{"href":"https:\/\/www.ifbaiano.edu.br\/unidades\/santaines\/wp-json\/wp\/v2\/posts"}],"about":[{"href":"https:\/\/www.ifbaiano.edu.br\/unidades\/santaines\/wp-json\/wp\/v2\/types\/post"}],"author":[{"embeddable":true,"href":"https:\/\/www.ifbaiano.edu.br\/unidades\/santaines\/wp-json\/wp\/v2\/users\/7"}],"replies":[{"embeddable":true,"href":"https:\/\/www.ifbaiano.edu.br\/unidades\/santaines\/wp-json\/wp\/v2\/comments?post=12576"}],"version-history":[{"count":47,"href":"https:\/\/www.ifbaiano.edu.br\/unidades\/santaines\/wp-json\/wp\/v2\/posts\/12576\/revisions"}],"predecessor-version":[{"id":13078,"href":"https:\/\/www.ifbaiano.edu.br\/unidades\/santaines\/wp-json\/wp\/v2\/posts\/12576\/revisions\/13078"}],"wp:featuredmedia":[{"embeddable":true,"href":"https:\/\/www.ifbaiano.edu.br\/unidades\/santaines\/wp-json\/wp\/v2\/media\/12596"}],"wp:attachment":[{"href":"https:\/\/www.ifbaiano.edu.br\/unidades\/santaines\/wp-json\/wp\/v2\/media?parent=12576"}],"wp:term":[{"taxonomy":"category","embeddable":true,"href":"https:\/\/www.ifbaiano.edu.br\/unidades\/santaines\/wp-json\/wp\/v2\/categories?post=12576"},{"taxonomy":"post_tag","embeddable":true,"href":"https:\/\/www.ifbaiano.edu.br\/unidades\/santaines\/wp-json\/wp\/v2\/tags?post=12576"}],"curies":[{"name":"wp","href":"https:\/\/api.w.org\/{rel}","templated":true}]}}