{"id":1259,"date":"2012-02-27T16:07:12","date_gmt":"2012-02-27T19:07:12","guid":{"rendered":"http:\/\/www.ifbaiano.edu.br\/unidades\/santaines\/?p=1259"},"modified":"2012-03-01T16:49:49","modified_gmt":"2012-03-01T19:49:49","slug":"reuniao-com-pais-ou-responsaveis-no-dia-5-de-marco","status":"publish","type":"post","link":"https:\/\/www.ifbaiano.edu.br\/unidades\/santaines\/reuniao-com-pais-ou-responsaveis-no-dia-5-de-marco\/","title":{"rendered":"Reuni\u00e3o com pais ou respons\u00e1veis no dia 5 de mar\u00e7o"},"content":{"rendered":"<p>O Diretor Geral do IF Baiano &#8211; Campus Santa In\u00eas, convida os pais e\/ou respons\u00e1veis para participarem de reuni\u00e3o que acontecer\u00e1 no dia 5 de mar\u00e7o de 2012, no audit\u00f3rio da Biblioteca do nosso Campus. Confira a programa\u00e7\u00e3o a seguir:<\/p>\n<p>&nbsp;<\/p>\n<p>08:00 \u00e0s 10:30 &#8211;\u00a0Reuni\u00e3o com os pais dos estudantes das <strong>1\u00ba<\/strong> s\u00e9ries;<\/p>\n<p>10:30 \u00e0s 11:30 &#8211;\u00a0Reuni\u00e3o com os pais dos estudantes <strong>residentes<\/strong>;<\/p>\n<p>13:30 \u00e0s 15:30 &#8211; Reuni\u00e3o com os pais dos estudantes das <strong>2\u00ba<\/strong> e <strong>3\u00ba<\/strong> s\u00e9ries<\/p>\n<p>&nbsp;<\/p>\n<p>A presen\u00e7a de todos \u00e9 de grande import\u00e2ncia, pois ser\u00e1 apresentado o planejamento para o ano letivo de 2012. Para maiores informa\u00e7\u00f5es, favor entrar em contato com o Departamento de Ensino: (73) 3536-1210 Ramal 19<\/p>\n<p>&nbsp;<\/p>\n<p>&nbsp;<\/p>\n","protected":false},"excerpt":{"rendered":"<p>O Diretor Geral do IF Baiano &#8211; Campus Santa In\u00eas, convida os pais e\/ou respons\u00e1veis para participarem de reuni\u00e3o que acontecer\u00e1 no dia 5 de mar\u00e7o de 2012, no audit\u00f3rio da Biblioteca do nosso Campus. Confira a programa\u00e7\u00e3o a seguir: &nbsp; 08:00 \u00e0s 10:30 &#8211;\u00a0Reuni\u00e3o com os pais dos estudantes das 1\u00ba s\u00e9ries; 10:30 \u00e0s [&hellip;]<\/p>\n","protected":false},"author":29,"featured_media":0,"comment_status":"closed","ping_status":"closed","sticky":false,"template":"","format":"standard","meta":[],"categories":[10],"tags":[],"_links":{"self":[{"href":"https:\/\/www.ifbaiano.edu.br\/unidades\/santaines\/wp-json\/wp\/v2\/posts\/1259"}],"collection":[{"href":"https:\/\/www.ifbaiano.edu.br\/unidades\/santaines\/wp-json\/wp\/v2\/posts"}],"about":[{"href":"https:\/\/www.ifbaiano.edu.br\/unidades\/santaines\/wp-json\/wp\/v2\/types\/post"}],"author":[{"embeddable":true,"href":"https:\/\/www.ifbaiano.edu.br\/unidades\/santaines\/wp-json\/wp\/v2\/users\/29"}],"replies":[{"embeddable":true,"href":"https:\/\/www.ifbaiano.edu.br\/unidades\/santaines\/wp-json\/wp\/v2\/comments?post=1259"}],"version-history":[{"count":4,"href":"https:\/\/www.ifbaiano.edu.br\/unidades\/santaines\/wp-json\/wp\/v2\/posts\/1259\/revisions"}],"predecessor-version":[{"id":1307,"href":"https:\/\/www.ifbaiano.edu.br\/unidades\/santaines\/wp-json\/wp\/v2\/posts\/1259\/revisions\/1307"}],"wp:attachment":[{"href":"https:\/\/www.ifbaiano.edu.br\/unidades\/santaines\/wp-json\/wp\/v2\/media?parent=1259"}],"wp:term":[{"taxonomy":"category","embeddable":true,"href":"https:\/\/www.ifbaiano.edu.br\/unidades\/santaines\/wp-json\/wp\/v2\/categories?post=1259"},{"taxonomy":"post_tag","embeddable":true,"href":"https:\/\/www.ifbaiano.edu.br\/unidades\/santaines\/wp-json\/wp\/v2\/tags?post=1259"}],"curies":[{"name":"wp","href":"https:\/\/api.w.org\/{rel}","templated":true}]}}